{"id":991,"date":"2024-07-26T08:00:32","date_gmt":"2024-07-26T06:00:32","guid":{"rendered":"https:\/\/www.economypark.de\/?p=991"},"modified":"2024-08-22T12:34:56","modified_gmt":"2024-08-22T10:34:56","slug":"oeffentliche-veranstaltung-am-24-juli-2024-zweckverband-informierte-zu-den-vorbereitenden-untersuchungen","status":"publish","type":"post","link":"https:\/\/www.economypark.de\/oeffentliche-veranstaltung-am-24-juli-2024-zweckverband-informierte-zu-den-vorbereitenden-untersuchungen\/","title":{"rendered":"N\u00e4chster Schritt zum Sanierungsgebiet"},"content":{"rendered":"<p>Gemeinsam mit der LBBW Immobilien Kommunalentwicklung GmbH (KE) informierte der Zweckverband &#8222;Interkommunales Gewerbe- und Industriegebiet Heidelberg &#8211; Leimen&#8220; am 24. Juli 2024 im Ferdinand-Reidel-Saal der Stadt Leimen die betroffenen Grundst\u00fcckseigent\u00fcmer sowie die \u00d6ffentlichkeit \u00fcber den Stand der Vorbereitenden Untersuchungen zur Ausweisung eines Sanierungsgebietes.<\/p>\n<p>Die Rechtswirkungen der Vorbereitenden Untersuchungen, die f\u00f6rderrechtlichen Rahmenbedingungen und der von der Zweckverbandsversammlung am 16. Juli 2024 beschlossene Rahmenplan wurden ebenso vorgestellt wie die Auswirkungen einer f\u00f6rmlich festgesetzten Sanierungssatzung. Im Anschluss daran hatten die Anwesenden die M\u00f6glichkeit, an zwei Thementischen ihre pers\u00f6nlichen Anliegen zu vertiefen, wovon reger Gebrauch gemacht wurde.<\/p>\n<p>Mit den Vorbereitenden Untersuchungen sollen st\u00e4dtebauliche Missst\u00e4nde im Untersuchungsgebiet erhoben werden, die Notwendigkeit von Sanierungsma\u00dfnahmen begr\u00fcndet und Sanierungsziele bestimmt werden. Mit deren Durchf\u00fchrung ist die KE beauftragt worden.<\/p>\n<p>Der Zweckverband &#8222;Interkommunales Gewerbe- und Industriegebiet Heidelberg &#8211; Leimen&#8220; wurde am 5. Mai 2023 im Rahmen der St\u00e4dtebauf\u00f6rderung mit einer F\u00f6rderzusage von 3,2 Mio. Euro in das Bund-L\u00e4nder-Programm \u201eWachstum und nachhaltige Erneuerung\u201c aufgenommen. Das Programm lauft bis April 2032 und kann unter bestimmten Voraussatzungen verl\u00e4ngert werden. Ziel ist die Ausweisung eines Sanierungsgebietes. Um ein Sanierungsgebiet f\u00f6rmlich festlegen zu k\u00f6nnen, bedarf es vorab Vorbereitender Untersuchungen gem\u00e4\u00df \u00a7 141 Baugesetzbuch.<\/p>\n<p>Die Pr\u00e4sentation zu der Veranstaltung ist <a href=\"https:\/\/www.economypark.de\/wp-content\/uploads\/2024\/07\/240722-BuergInfo_ueberarbeitet.pdf\">hier<\/a> ver\u00f6ffentlicht<\/p>\n<p>Das \u00f6ffentliche Protokoll k\u00f6nnen Sie <a href=\"https:\/\/www.economypark.de\/wp-content\/uploads\/2024\/08\/20240821-ZVHDLM-Bericht-Beteiligung.pdf\">hier<\/a> einsehen.<\/p>\n","protected":false},"excerpt":{"rendered":"<p>Gemeinsam mit der LBBW Immobilien Kommunalentwicklung GmbH (KE) informierte der Zweckverband &#8222;Interkommunales Gewerbe- und Industriegebiet Heidelberg &#8211; Leimen&#8220; am 24. Juli 2024 im Ferdinand-Reidel-Saal der Stadt Leimen die betroffenen Grundst\u00fcckseigent\u00fcmer sowie die \u00d6ffentlichkeit \u00fcber den Stand der Vorbereitenden Untersuchungen zur Ausweisung eines Sanierungsgebietes. Die Rechtswirkungen der Vorbereitenden Untersuchungen, die f\u00f6rderrechtlichen Rahmenbedingungen und der von der&#8230;<\/p>\n","protected":false},"author":3,"featured_media":996,"comment_status":"closed","ping_status":"closed","sticky":false,"template":"","format":"standard","meta":{"_acf_changed":false,"footnotes":""},"categories":[12],"tags":[],"class_list":["post-991","post","type-post","status-publish","format-standard","has-post-thumbnail","hentry","category-aktuelles"],"acf":[],"yoast_head":"<!-- This site is optimized with the Yoast SEO plugin v27.4 - https:\/\/yoast.com\/product\/yoast-seo-wordpress\/ -->\n<title>N\u00e4chster Schritt zum Sanierungsgebiet - Economy Park<\/title>\n<meta name=\"robots\" content=\"index, follow, max-snippet:-1, max-image-preview:large, max-video-preview:-1\" \/>\n<link rel=\"canonical\" href=\"https:\/\/www.economypark.de\/oeffentliche-veranstaltung-am-24-juli-2024-zweckverband-informierte-zu-den-vorbereitenden-untersuchungen\/\" \/>\n<meta property=\"og:locale\" content=\"de_DE\" \/>\n<meta property=\"og:type\" content=\"article\" \/>\n<meta property=\"og:title\" content=\"N\u00e4chster Schritt zum Sanierungsgebiet - Economy Park\" \/>\n<meta property=\"og:description\" content=\"Gemeinsam mit der LBBW Immobilien Kommunalentwicklung GmbH (KE) informierte der Zweckverband &#8222;Interkommunales Gewerbe- und Industriegebiet Heidelberg &#8211; Leimen&#8220; am 24. Juli 2024 im Ferdinand-Reidel-Saal der Stadt Leimen die betroffenen Grundst\u00fcckseigent\u00fcmer sowie die \u00d6ffentlichkeit \u00fcber den Stand der Vorbereitenden Untersuchungen zur Ausweisung eines Sanierungsgebietes. Die Rechtswirkungen der Vorbereitenden Untersuchungen, die f\u00f6rderrechtlichen Rahmenbedingungen und der von der...\" \/>\n<meta property=\"og:url\" content=\"https:\/\/www.economypark.de\/oeffentliche-veranstaltung-am-24-juli-2024-zweckverband-informierte-zu-den-vorbereitenden-untersuchungen\/\" \/>\n<meta property=\"og:site_name\" content=\"Economy Park\" \/>\n<meta property=\"article:published_time\" content=\"2024-07-26T06:00:32+00:00\" \/>\n<meta property=\"article:modified_time\" content=\"2024-08-22T10:34:56+00:00\" \/>\n<meta property=\"og:image\" content=\"https:\/\/www.economypark.de\/wp-content\/uploads\/2024\/07\/20240724_194214-scaled.jpg\" \/>\n\t<meta property=\"og:image:width\" content=\"2560\" \/>\n\t<meta property=\"og:image:height\" content=\"1920\" \/>\n\t<meta property=\"og:image:type\" content=\"image\/jpeg\" \/>\n<meta name=\"author\" content=\"r.radde\" \/>\n<meta name=\"twitter:card\" content=\"summary_large_image\" \/>\n<meta name=\"twitter:label1\" content=\"Verfasst von\" \/>\n\t<meta name=\"twitter:data1\" content=\"r.radde\" \/>\n\t<meta name=\"twitter:label2\" content=\"Gesch\u00e4tzte Lesezeit\" \/>\n\t<meta name=\"twitter:data2\" content=\"1\u00a0Minute\" \/>\n<script type=\"application\/ld+json\" class=\"yoast-schema-graph\">{\"@context\":\"https:\\\/\\\/schema.org\",\"@graph\":[{\"@type\":\"Article\",\"@id\":\"https:\\\/\\\/www.economypark.de\\\/oeffentliche-veranstaltung-am-24-juli-2024-zweckverband-informierte-zu-den-vorbereitenden-untersuchungen\\\/#article\",\"isPartOf\":{\"@id\":\"https:\\\/\\\/www.economypark.de\\\/oeffentliche-veranstaltung-am-24-juli-2024-zweckverband-informierte-zu-den-vorbereitenden-untersuchungen\\\/\"},\"author\":{\"name\":\"r.radde\",\"@id\":\"https:\\\/\\\/www.economypark.de\\\/#\\\/schema\\\/person\\\/ddd5faeff96e604d6b416ecbe3e96221\"},\"headline\":\"N\u00e4chster Schritt zum Sanierungsgebiet\",\"datePublished\":\"2024-07-26T06:00:32+00:00\",\"dateModified\":\"2024-08-22T10:34:56+00:00\",\"mainEntityOfPage\":{\"@id\":\"https:\\\/\\\/www.economypark.de\\\/oeffentliche-veranstaltung-am-24-juli-2024-zweckverband-informierte-zu-den-vorbereitenden-untersuchungen\\\/\"},\"wordCount\":220,\"image\":{\"@id\":\"https:\\\/\\\/www.economypark.de\\\/oeffentliche-veranstaltung-am-24-juli-2024-zweckverband-informierte-zu-den-vorbereitenden-untersuchungen\\\/#primaryimage\"},\"thumbnailUrl\":\"https:\\\/\\\/www.economypark.de\\\/wp-content\\\/uploads\\\/2024\\\/07\\\/20240724_194214-scaled.jpg\",\"articleSection\":[\"Aktuelles\"],\"inLanguage\":\"de\"},{\"@type\":\"WebPage\",\"@id\":\"https:\\\/\\\/www.economypark.de\\\/oeffentliche-veranstaltung-am-24-juli-2024-zweckverband-informierte-zu-den-vorbereitenden-untersuchungen\\\/\",\"url\":\"https:\\\/\\\/www.economypark.de\\\/oeffentliche-veranstaltung-am-24-juli-2024-zweckverband-informierte-zu-den-vorbereitenden-untersuchungen\\\/\",\"name\":\"N\u00e4chster Schritt zum Sanierungsgebiet - Economy Park\",\"isPartOf\":{\"@id\":\"https:\\\/\\\/www.economypark.de\\\/#website\"},\"primaryImageOfPage\":{\"@id\":\"https:\\\/\\\/www.economypark.de\\\/oeffentliche-veranstaltung-am-24-juli-2024-zweckverband-informierte-zu-den-vorbereitenden-untersuchungen\\\/#primaryimage\"},\"image\":{\"@id\":\"https:\\\/\\\/www.economypark.de\\\/oeffentliche-veranstaltung-am-24-juli-2024-zweckverband-informierte-zu-den-vorbereitenden-untersuchungen\\\/#primaryimage\"},\"thumbnailUrl\":\"https:\\\/\\\/www.economypark.de\\\/wp-content\\\/uploads\\\/2024\\\/07\\\/20240724_194214-scaled.jpg\",\"datePublished\":\"2024-07-26T06:00:32+00:00\",\"dateModified\":\"2024-08-22T10:34:56+00:00\",\"author\":{\"@id\":\"https:\\\/\\\/www.economypark.de\\\/#\\\/schema\\\/person\\\/ddd5faeff96e604d6b416ecbe3e96221\"},\"breadcrumb\":{\"@id\":\"https:\\\/\\\/www.economypark.de\\\/oeffentliche-veranstaltung-am-24-juli-2024-zweckverband-informierte-zu-den-vorbereitenden-untersuchungen\\\/#breadcrumb\"},\"inLanguage\":\"de\",\"potentialAction\":[{\"@type\":\"ReadAction\",\"target\":[\"https:\\\/\\\/www.economypark.de\\\/oeffentliche-veranstaltung-am-24-juli-2024-zweckverband-informierte-zu-den-vorbereitenden-untersuchungen\\\/\"]}]},{\"@type\":\"ImageObject\",\"inLanguage\":\"de\",\"@id\":\"https:\\\/\\\/www.economypark.de\\\/oeffentliche-veranstaltung-am-24-juli-2024-zweckverband-informierte-zu-den-vorbereitenden-untersuchungen\\\/#primaryimage\",\"url\":\"https:\\\/\\\/www.economypark.de\\\/wp-content\\\/uploads\\\/2024\\\/07\\\/20240724_194214-scaled.jpg\",\"contentUrl\":\"https:\\\/\\\/www.economypark.de\\\/wp-content\\\/uploads\\\/2024\\\/07\\\/20240724_194214-scaled.jpg\",\"width\":2560,\"height\":1920,\"caption\":\"Auf dem Bild stehen 10 Personen um einen Stehtisch und betrachten eine Karte an einer wei\u00dfen Tafel\"},{\"@type\":\"BreadcrumbList\",\"@id\":\"https:\\\/\\\/www.economypark.de\\\/oeffentliche-veranstaltung-am-24-juli-2024-zweckverband-informierte-zu-den-vorbereitenden-untersuchungen\\\/#breadcrumb\",\"itemListElement\":[{\"@type\":\"ListItem\",\"position\":1,\"name\":\"Start\",\"item\":\"https:\\\/\\\/www.economypark.de\\\/\"},{\"@type\":\"ListItem\",\"position\":2,\"name\":\"N\u00e4chster Schritt zum Sanierungsgebiet\"}]},{\"@type\":\"WebSite\",\"@id\":\"https:\\\/\\\/www.economypark.de\\\/#website\",\"url\":\"https:\\\/\\\/www.economypark.de\\\/\",\"name\":\"Economy Park\",\"description\":\"Innovative &amp; nachhaltige Gewerbefl\u00e4chen in der Metropolregion Rhein-Neckar.\",\"potentialAction\":[{\"@type\":\"SearchAction\",\"target\":{\"@type\":\"EntryPoint\",\"urlTemplate\":\"https:\\\/\\\/www.economypark.de\\\/?s={search_term_string}\"},\"query-input\":{\"@type\":\"PropertyValueSpecification\",\"valueRequired\":true,\"valueName\":\"search_term_string\"}}],\"inLanguage\":\"de\"},{\"@type\":\"Person\",\"@id\":\"https:\\\/\\\/www.economypark.de\\\/#\\\/schema\\\/person\\\/ddd5faeff96e604d6b416ecbe3e96221\",\"name\":\"r.radde\",\"url\":\"https:\\\/\\\/www.economypark.de\\\/author\\\/r-radde\\\/\"}]}<\/script>\n<!-- \/ Yoast SEO plugin. -->","yoast_head_json":{"title":"N\u00e4chster Schritt zum Sanierungsgebiet - Economy Park","robots":{"index":"index","follow":"follow","max-snippet":"max-snippet:-1","max-image-preview":"max-image-preview:large","max-video-preview":"max-video-preview:-1"},"canonical":"https:\/\/www.economypark.de\/oeffentliche-veranstaltung-am-24-juli-2024-zweckverband-informierte-zu-den-vorbereitenden-untersuchungen\/","og_locale":"de_DE","og_type":"article","og_title":"N\u00e4chster Schritt zum Sanierungsgebiet - Economy Park","og_description":"Gemeinsam mit der LBBW Immobilien Kommunalentwicklung GmbH (KE) informierte der Zweckverband &#8222;Interkommunales Gewerbe- und Industriegebiet Heidelberg &#8211; Leimen&#8220; am 24. Juli 2024 im Ferdinand-Reidel-Saal der Stadt Leimen die betroffenen Grundst\u00fcckseigent\u00fcmer sowie die \u00d6ffentlichkeit \u00fcber den Stand der Vorbereitenden Untersuchungen zur Ausweisung eines Sanierungsgebietes. Die Rechtswirkungen der Vorbereitenden Untersuchungen, die f\u00f6rderrechtlichen Rahmenbedingungen und der von der...","og_url":"https:\/\/www.economypark.de\/oeffentliche-veranstaltung-am-24-juli-2024-zweckverband-informierte-zu-den-vorbereitenden-untersuchungen\/","og_site_name":"Economy Park","article_published_time":"2024-07-26T06:00:32+00:00","article_modified_time":"2024-08-22T10:34:56+00:00","og_image":[{"width":2560,"height":1920,"url":"https:\/\/www.economypark.de\/wp-content\/uploads\/2024\/07\/20240724_194214-scaled.jpg","type":"image\/jpeg"}],"author":"r.radde","twitter_card":"summary_large_image","twitter_misc":{"Verfasst von":"r.radde","Gesch\u00e4tzte Lesezeit":"1\u00a0Minute"},"schema":{"@context":"https:\/\/schema.org","@graph":[{"@type":"Article","@id":"https:\/\/www.economypark.de\/oeffentliche-veranstaltung-am-24-juli-2024-zweckverband-informierte-zu-den-vorbereitenden-untersuchungen\/#article","isPartOf":{"@id":"https:\/\/www.economypark.de\/oeffentliche-veranstaltung-am-24-juli-2024-zweckverband-informierte-zu-den-vorbereitenden-untersuchungen\/"},"author":{"name":"r.radde","@id":"https:\/\/www.economypark.de\/#\/schema\/person\/ddd5faeff96e604d6b416ecbe3e96221"},"headline":"N\u00e4chster Schritt zum Sanierungsgebiet","datePublished":"2024-07-26T06:00:32+00:00","dateModified":"2024-08-22T10:34:56+00:00","mainEntityOfPage":{"@id":"https:\/\/www.economypark.de\/oeffentliche-veranstaltung-am-24-juli-2024-zweckverband-informierte-zu-den-vorbereitenden-untersuchungen\/"},"wordCount":220,"image":{"@id":"https:\/\/www.economypark.de\/oeffentliche-veranstaltung-am-24-juli-2024-zweckverband-informierte-zu-den-vorbereitenden-untersuchungen\/#primaryimage"},"thumbnailUrl":"https:\/\/www.economypark.de\/wp-content\/uploads\/2024\/07\/20240724_194214-scaled.jpg","articleSection":["Aktuelles"],"inLanguage":"de"},{"@type":"WebPage","@id":"https:\/\/www.economypark.de\/oeffentliche-veranstaltung-am-24-juli-2024-zweckverband-informierte-zu-den-vorbereitenden-untersuchungen\/","url":"https:\/\/www.economypark.de\/oeffentliche-veranstaltung-am-24-juli-2024-zweckverband-informierte-zu-den-vorbereitenden-untersuchungen\/","name":"N\u00e4chster Schritt zum Sanierungsgebiet - Economy Park","isPartOf":{"@id":"https:\/\/www.economypark.de\/#website"},"primaryImageOfPage":{"@id":"https:\/\/www.economypark.de\/oeffentliche-veranstaltung-am-24-juli-2024-zweckverband-informierte-zu-den-vorbereitenden-untersuchungen\/#primaryimage"},"image":{"@id":"https:\/\/www.economypark.de\/oeffentliche-veranstaltung-am-24-juli-2024-zweckverband-informierte-zu-den-vorbereitenden-untersuchungen\/#primaryimage"},"thumbnailUrl":"https:\/\/www.economypark.de\/wp-content\/uploads\/2024\/07\/20240724_194214-scaled.jpg","datePublished":"2024-07-26T06:00:32+00:00","dateModified":"2024-08-22T10:34:56+00:00","author":{"@id":"https:\/\/www.economypark.de\/#\/schema\/person\/ddd5faeff96e604d6b416ecbe3e96221"},"breadcrumb":{"@id":"https:\/\/www.economypark.de\/oeffentliche-veranstaltung-am-24-juli-2024-zweckverband-informierte-zu-den-vorbereitenden-untersuchungen\/#breadcrumb"},"inLanguage":"de","potentialAction":[{"@type":"ReadAction","target":["https:\/\/www.economypark.de\/oeffentliche-veranstaltung-am-24-juli-2024-zweckverband-informierte-zu-den-vorbereitenden-untersuchungen\/"]}]},{"@type":"ImageObject","inLanguage":"de","@id":"https:\/\/www.economypark.de\/oeffentliche-veranstaltung-am-24-juli-2024-zweckverband-informierte-zu-den-vorbereitenden-untersuchungen\/#primaryimage","url":"https:\/\/www.economypark.de\/wp-content\/uploads\/2024\/07\/20240724_194214-scaled.jpg","contentUrl":"https:\/\/www.economypark.de\/wp-content\/uploads\/2024\/07\/20240724_194214-scaled.jpg","width":2560,"height":1920,"caption":"Auf dem Bild stehen 10 Personen um einen Stehtisch und betrachten eine Karte an einer wei\u00dfen Tafel"},{"@type":"BreadcrumbList","@id":"https:\/\/www.economypark.de\/oeffentliche-veranstaltung-am-24-juli-2024-zweckverband-informierte-zu-den-vorbereitenden-untersuchungen\/#breadcrumb","itemListElement":[{"@type":"ListItem","position":1,"name":"Start","item":"https:\/\/www.economypark.de\/"},{"@type":"ListItem","position":2,"name":"N\u00e4chster Schritt zum Sanierungsgebiet"}]},{"@type":"WebSite","@id":"https:\/\/www.economypark.de\/#website","url":"https:\/\/www.economypark.de\/","name":"Economy Park","description":"Innovative &amp; nachhaltige Gewerbefl\u00e4chen in der Metropolregion Rhein-Neckar.","potentialAction":[{"@type":"SearchAction","target":{"@type":"EntryPoint","urlTemplate":"https:\/\/www.economypark.de\/?s={search_term_string}"},"query-input":{"@type":"PropertyValueSpecification","valueRequired":true,"valueName":"search_term_string"}}],"inLanguage":"de"},{"@type":"Person","@id":"https:\/\/www.economypark.de\/#\/schema\/person\/ddd5faeff96e604d6b416ecbe3e96221","name":"r.radde","url":"https:\/\/www.economypark.de\/author\/r-radde\/"}]}},"_links":{"self":[{"href":"https:\/\/www.economypark.de\/ecopark-api\/wp\/v2\/posts\/991","targetHints":{"allow":["GET"]}}],"collection":[{"href":"https:\/\/www.economypark.de\/ecopark-api\/wp\/v2\/posts"}],"about":[{"href":"https:\/\/www.economypark.de\/ecopark-api\/wp\/v2\/types\/post"}],"author":[{"embeddable":true,"href":"https:\/\/www.economypark.de\/ecopark-api\/wp\/v2\/users\/3"}],"replies":[{"embeddable":true,"href":"https:\/\/www.economypark.de\/ecopark-api\/wp\/v2\/comments?post=991"}],"version-history":[{"count":7,"href":"https:\/\/www.economypark.de\/ecopark-api\/wp\/v2\/posts\/991\/revisions"}],"predecessor-version":[{"id":1012,"href":"https:\/\/www.economypark.de\/ecopark-api\/wp\/v2\/posts\/991\/revisions\/1012"}],"wp:featuredmedia":[{"embeddable":true,"href":"https:\/\/www.economypark.de\/ecopark-api\/wp\/v2\/media\/996"}],"wp:attachment":[{"href":"https:\/\/www.economypark.de\/ecopark-api\/wp\/v2\/media?parent=991"}],"wp:term":[{"taxonomy":"category","embeddable":true,"href":"https:\/\/www.economypark.de\/ecopark-api\/wp\/v2\/categories?post=991"},{"taxonomy":"post_tag","embeddable":true,"href":"https:\/\/www.economypark.de\/ecopark-api\/wp\/v2\/tags?post=991"}],"curies":[{"name":"wp","href":"https:\/\/api.w.org\/{rel}","templated":true}]}}