{"id":878,"date":"2024-07-17T16:01:16","date_gmt":"2024-07-17T14:01:16","guid":{"rendered":"https:\/\/www.economypark.de\/?p=878"},"modified":"2024-07-19T13:09:10","modified_gmt":"2024-07-19T11:09:10","slug":"rahmenplan-zur-staedtebaulichen-entwicklung-des-zweckverbandsgebietes-beschlossen","status":"publish","type":"post","link":"https:\/\/www.economypark.de\/rahmenplan-zur-staedtebaulichen-entwicklung-des-zweckverbandsgebietes-beschlossen\/","title":{"rendered":"Rahmenplan zur st\u00e4dtebaulichen Entwicklung des Zweckverbandsgebietes beschlossen"},"content":{"rendered":"<p>Die Verbandsversammlung hat am 16. Juli 2024 den st\u00e4dtebaulichen Entwurf des B\u00fcros ulrich hartung, Bonn, als handlungsleitenden Rahmenplan f\u00fcr die zuk\u00fcnftige st\u00e4dtebauliche Entwicklung des Zweckverbandsgebietes beschlossen. Mit dem Beschluss endet das von der Verbandsversammlung im Juli 2022 eingeleitete Atelierverfahren.<\/p>\n<p>Weitere Informationen finden Sie auf der Unterseite <a href=\"https:\/\/www.economypark.de\/der-weg-zum-bebauungsplan\/\">\u201ePlanung\u201c<\/a>.<\/p>\n","protected":false},"excerpt":{"rendered":"<p>Die Verbandsversammlung hat am 16. Juli 2024 den st\u00e4dtebaulichen Entwurf des B\u00fcros ulrich hartung, Bonn, als handlungsleitenden Rahmenplan f\u00fcr die zuk\u00fcnftige st\u00e4dtebauliche Entwicklung des Zweckverbandsgebietes beschlossen. Mit dem Beschluss endet das von der Verbandsversammlung im Juli 2022 eingeleitete Atelierverfahren. Weitere Informationen finden Sie auf der Unterseite \u201ePlanung\u201c.<\/p>\n","protected":false},"author":4,"featured_media":877,"comment_status":"closed","ping_status":"closed","sticky":false,"template":"","format":"standard","meta":{"_acf_changed":false,"footnotes":""},"categories":[12],"tags":[],"class_list":["post-878","post","type-post","status-publish","format-standard","has-post-thumbnail","hentry","category-aktuelles"],"acf":[],"yoast_head":"<!-- This site is optimized with the Yoast SEO plugin v27.4 - https:\/\/yoast.com\/product\/yoast-seo-wordpress\/ -->\n<title>Rahmenplan zur st\u00e4dtebaulichen Entwicklung des Zweckverbandsgebietes beschlossen - Economy Park<\/title>\n<meta name=\"robots\" content=\"index, follow, max-snippet:-1, max-image-preview:large, max-video-preview:-1\" \/>\n<link rel=\"canonical\" href=\"https:\/\/www.economypark.de\/rahmenplan-zur-staedtebaulichen-entwicklung-des-zweckverbandsgebietes-beschlossen\/\" \/>\n<meta property=\"og:locale\" content=\"de_DE\" \/>\n<meta property=\"og:type\" content=\"article\" \/>\n<meta property=\"og:title\" content=\"Rahmenplan zur st\u00e4dtebaulichen Entwicklung des Zweckverbandsgebietes beschlossen - Economy Park\" \/>\n<meta property=\"og:description\" content=\"Die Verbandsversammlung hat am 16. Juli 2024 den st\u00e4dtebaulichen Entwurf des B\u00fcros ulrich hartung, Bonn, als handlungsleitenden Rahmenplan f\u00fcr die zuk\u00fcnftige st\u00e4dtebauliche Entwicklung des Zweckverbandsgebietes beschlossen. Mit dem Beschluss endet das von der Verbandsversammlung im Juli 2022 eingeleitete Atelierverfahren. Weitere Informationen finden Sie auf der Unterseite \u201ePlanung\u201c.\" \/>\n<meta property=\"og:url\" content=\"https:\/\/www.economypark.de\/rahmenplan-zur-staedtebaulichen-entwicklung-des-zweckverbandsgebietes-beschlossen\/\" \/>\n<meta property=\"og:site_name\" content=\"Economy Park\" \/>\n<meta property=\"article:published_time\" content=\"2024-07-17T14:01:16+00:00\" \/>\n<meta property=\"article:modified_time\" content=\"2024-07-19T11:09:10+00:00\" \/>\n<meta property=\"og:image\" content=\"https:\/\/www.economypark.de\/wp-content\/uploads\/2024\/07\/20240415-ZVHDLM-vUH-Rahmenplan-nur-Plan-1-scaled.jpg\" \/>\n\t<meta property=\"og:image:width\" content=\"2560\" \/>\n\t<meta property=\"og:image:height\" content=\"1473\" \/>\n\t<meta property=\"og:image:type\" content=\"image\/jpeg\" \/>\n<meta name=\"author\" content=\"Alena Gluth\" \/>\n<meta name=\"twitter:card\" content=\"summary_large_image\" \/>\n<meta name=\"twitter:label1\" content=\"Verfasst von\" \/>\n\t<meta name=\"twitter:data1\" content=\"Alena Gluth\" \/>\n<script type=\"application\/ld+json\" class=\"yoast-schema-graph\">{\"@context\":\"https:\\\/\\\/schema.org\",\"@graph\":[{\"@type\":\"Article\",\"@id\":\"https:\\\/\\\/www.economypark.de\\\/rahmenplan-zur-staedtebaulichen-entwicklung-des-zweckverbandsgebietes-beschlossen\\\/#article\",\"isPartOf\":{\"@id\":\"https:\\\/\\\/www.economypark.de\\\/rahmenplan-zur-staedtebaulichen-entwicklung-des-zweckverbandsgebietes-beschlossen\\\/\"},\"author\":{\"name\":\"Alena Gluth\",\"@id\":\"https:\\\/\\\/www.economypark.de\\\/#\\\/schema\\\/person\\\/323d46312b16626177e83b7ffb4759d1\"},\"headline\":\"Rahmenplan zur st\u00e4dtebaulichen Entwicklung des Zweckverbandsgebietes beschlossen\",\"datePublished\":\"2024-07-17T14:01:16+00:00\",\"dateModified\":\"2024-07-19T11:09:10+00:00\",\"mainEntityOfPage\":{\"@id\":\"https:\\\/\\\/www.economypark.de\\\/rahmenplan-zur-staedtebaulichen-entwicklung-des-zweckverbandsgebietes-beschlossen\\\/\"},\"wordCount\":57,\"image\":{\"@id\":\"https:\\\/\\\/www.economypark.de\\\/rahmenplan-zur-staedtebaulichen-entwicklung-des-zweckverbandsgebietes-beschlossen\\\/#primaryimage\"},\"thumbnailUrl\":\"https:\\\/\\\/www.economypark.de\\\/wp-content\\\/uploads\\\/2024\\\/07\\\/20240415-ZVHDLM-vUH-Rahmenplan-nur-Plan-1-scaled.jpg\",\"articleSection\":[\"Aktuelles\"],\"inLanguage\":\"de\"},{\"@type\":\"WebPage\",\"@id\":\"https:\\\/\\\/www.economypark.de\\\/rahmenplan-zur-staedtebaulichen-entwicklung-des-zweckverbandsgebietes-beschlossen\\\/\",\"url\":\"https:\\\/\\\/www.economypark.de\\\/rahmenplan-zur-staedtebaulichen-entwicklung-des-zweckverbandsgebietes-beschlossen\\\/\",\"name\":\"Rahmenplan zur st\u00e4dtebaulichen Entwicklung des Zweckverbandsgebietes beschlossen - Economy Park\",\"isPartOf\":{\"@id\":\"https:\\\/\\\/www.economypark.de\\\/#website\"},\"primaryImageOfPage\":{\"@id\":\"https:\\\/\\\/www.economypark.de\\\/rahmenplan-zur-staedtebaulichen-entwicklung-des-zweckverbandsgebietes-beschlossen\\\/#primaryimage\"},\"image\":{\"@id\":\"https:\\\/\\\/www.economypark.de\\\/rahmenplan-zur-staedtebaulichen-entwicklung-des-zweckverbandsgebietes-beschlossen\\\/#primaryimage\"},\"thumbnailUrl\":\"https:\\\/\\\/www.economypark.de\\\/wp-content\\\/uploads\\\/2024\\\/07\\\/20240415-ZVHDLM-vUH-Rahmenplan-nur-Plan-1-scaled.jpg\",\"datePublished\":\"2024-07-17T14:01:16+00:00\",\"dateModified\":\"2024-07-19T11:09:10+00:00\",\"author\":{\"@id\":\"https:\\\/\\\/www.economypark.de\\\/#\\\/schema\\\/person\\\/323d46312b16626177e83b7ffb4759d1\"},\"breadcrumb\":{\"@id\":\"https:\\\/\\\/www.economypark.de\\\/rahmenplan-zur-staedtebaulichen-entwicklung-des-zweckverbandsgebietes-beschlossen\\\/#breadcrumb\"},\"inLanguage\":\"de\",\"potentialAction\":[{\"@type\":\"ReadAction\",\"target\":[\"https:\\\/\\\/www.economypark.de\\\/rahmenplan-zur-staedtebaulichen-entwicklung-des-zweckverbandsgebietes-beschlossen\\\/\"]}]},{\"@type\":\"ImageObject\",\"inLanguage\":\"de\",\"@id\":\"https:\\\/\\\/www.economypark.de\\\/rahmenplan-zur-staedtebaulichen-entwicklung-des-zweckverbandsgebietes-beschlossen\\\/#primaryimage\",\"url\":\"https:\\\/\\\/www.economypark.de\\\/wp-content\\\/uploads\\\/2024\\\/07\\\/20240415-ZVHDLM-vUH-Rahmenplan-nur-Plan-1-scaled.jpg\",\"contentUrl\":\"https:\\\/\\\/www.economypark.de\\\/wp-content\\\/uploads\\\/2024\\\/07\\\/20240415-ZVHDLM-vUH-Rahmenplan-nur-Plan-1-scaled.jpg\",\"width\":2560,\"height\":1473,\"caption\":\"Auf dem Bild ist der Entwurf des Rahmenplans zu sehen.\"},{\"@type\":\"BreadcrumbList\",\"@id\":\"https:\\\/\\\/www.economypark.de\\\/rahmenplan-zur-staedtebaulichen-entwicklung-des-zweckverbandsgebietes-beschlossen\\\/#breadcrumb\",\"itemListElement\":[{\"@type\":\"ListItem\",\"position\":1,\"name\":\"Start\",\"item\":\"https:\\\/\\\/www.economypark.de\\\/\"},{\"@type\":\"ListItem\",\"position\":2,\"name\":\"Rahmenplan zur st\u00e4dtebaulichen Entwicklung des Zweckverbandsgebietes beschlossen\"}]},{\"@type\":\"WebSite\",\"@id\":\"https:\\\/\\\/www.economypark.de\\\/#website\",\"url\":\"https:\\\/\\\/www.economypark.de\\\/\",\"name\":\"Economy Park\",\"description\":\"Innovative &amp; nachhaltige Gewerbefl\u00e4chen in der Metropolregion Rhein-Neckar.\",\"potentialAction\":[{\"@type\":\"SearchAction\",\"target\":{\"@type\":\"EntryPoint\",\"urlTemplate\":\"https:\\\/\\\/www.economypark.de\\\/?s={search_term_string}\"},\"query-input\":{\"@type\":\"PropertyValueSpecification\",\"valueRequired\":true,\"valueName\":\"search_term_string\"}}],\"inLanguage\":\"de\"},{\"@type\":\"Person\",\"@id\":\"https:\\\/\\\/www.economypark.de\\\/#\\\/schema\\\/person\\\/323d46312b16626177e83b7ffb4759d1\",\"name\":\"Alena Gluth\",\"sameAs\":[\"http:\\\/\\\/www.economypark.de\"],\"url\":\"https:\\\/\\\/www.economypark.de\\\/author\\\/a-kaltenmaier\\\/\"}]}<\/script>\n<!-- \/ Yoast SEO plugin. -->","yoast_head_json":{"title":"Rahmenplan zur st\u00e4dtebaulichen Entwicklung des Zweckverbandsgebietes beschlossen - Economy Park","robots":{"index":"index","follow":"follow","max-snippet":"max-snippet:-1","max-image-preview":"max-image-preview:large","max-video-preview":"max-video-preview:-1"},"canonical":"https:\/\/www.economypark.de\/rahmenplan-zur-staedtebaulichen-entwicklung-des-zweckverbandsgebietes-beschlossen\/","og_locale":"de_DE","og_type":"article","og_title":"Rahmenplan zur st\u00e4dtebaulichen Entwicklung des Zweckverbandsgebietes beschlossen - Economy Park","og_description":"Die Verbandsversammlung hat am 16. Juli 2024 den st\u00e4dtebaulichen Entwurf des B\u00fcros ulrich hartung, Bonn, als handlungsleitenden Rahmenplan f\u00fcr die zuk\u00fcnftige st\u00e4dtebauliche Entwicklung des Zweckverbandsgebietes beschlossen. Mit dem Beschluss endet das von der Verbandsversammlung im Juli 2022 eingeleitete Atelierverfahren. Weitere Informationen finden Sie auf der Unterseite \u201ePlanung\u201c.","og_url":"https:\/\/www.economypark.de\/rahmenplan-zur-staedtebaulichen-entwicklung-des-zweckverbandsgebietes-beschlossen\/","og_site_name":"Economy Park","article_published_time":"2024-07-17T14:01:16+00:00","article_modified_time":"2024-07-19T11:09:10+00:00","og_image":[{"width":2560,"height":1473,"url":"https:\/\/www.economypark.de\/wp-content\/uploads\/2024\/07\/20240415-ZVHDLM-vUH-Rahmenplan-nur-Plan-1-scaled.jpg","type":"image\/jpeg"}],"author":"Alena Gluth","twitter_card":"summary_large_image","twitter_misc":{"Verfasst von":"Alena Gluth"},"schema":{"@context":"https:\/\/schema.org","@graph":[{"@type":"Article","@id":"https:\/\/www.economypark.de\/rahmenplan-zur-staedtebaulichen-entwicklung-des-zweckverbandsgebietes-beschlossen\/#article","isPartOf":{"@id":"https:\/\/www.economypark.de\/rahmenplan-zur-staedtebaulichen-entwicklung-des-zweckverbandsgebietes-beschlossen\/"},"author":{"name":"Alena Gluth","@id":"https:\/\/www.economypark.de\/#\/schema\/person\/323d46312b16626177e83b7ffb4759d1"},"headline":"Rahmenplan zur st\u00e4dtebaulichen Entwicklung des Zweckverbandsgebietes beschlossen","datePublished":"2024-07-17T14:01:16+00:00","dateModified":"2024-07-19T11:09:10+00:00","mainEntityOfPage":{"@id":"https:\/\/www.economypark.de\/rahmenplan-zur-staedtebaulichen-entwicklung-des-zweckverbandsgebietes-beschlossen\/"},"wordCount":57,"image":{"@id":"https:\/\/www.economypark.de\/rahmenplan-zur-staedtebaulichen-entwicklung-des-zweckverbandsgebietes-beschlossen\/#primaryimage"},"thumbnailUrl":"https:\/\/www.economypark.de\/wp-content\/uploads\/2024\/07\/20240415-ZVHDLM-vUH-Rahmenplan-nur-Plan-1-scaled.jpg","articleSection":["Aktuelles"],"inLanguage":"de"},{"@type":"WebPage","@id":"https:\/\/www.economypark.de\/rahmenplan-zur-staedtebaulichen-entwicklung-des-zweckverbandsgebietes-beschlossen\/","url":"https:\/\/www.economypark.de\/rahmenplan-zur-staedtebaulichen-entwicklung-des-zweckverbandsgebietes-beschlossen\/","name":"Rahmenplan zur st\u00e4dtebaulichen Entwicklung des Zweckverbandsgebietes beschlossen - Economy Park","isPartOf":{"@id":"https:\/\/www.economypark.de\/#website"},"primaryImageOfPage":{"@id":"https:\/\/www.economypark.de\/rahmenplan-zur-staedtebaulichen-entwicklung-des-zweckverbandsgebietes-beschlossen\/#primaryimage"},"image":{"@id":"https:\/\/www.economypark.de\/rahmenplan-zur-staedtebaulichen-entwicklung-des-zweckverbandsgebietes-beschlossen\/#primaryimage"},"thumbnailUrl":"https:\/\/www.economypark.de\/wp-content\/uploads\/2024\/07\/20240415-ZVHDLM-vUH-Rahmenplan-nur-Plan-1-scaled.jpg","datePublished":"2024-07-17T14:01:16+00:00","dateModified":"2024-07-19T11:09:10+00:00","author":{"@id":"https:\/\/www.economypark.de\/#\/schema\/person\/323d46312b16626177e83b7ffb4759d1"},"breadcrumb":{"@id":"https:\/\/www.economypark.de\/rahmenplan-zur-staedtebaulichen-entwicklung-des-zweckverbandsgebietes-beschlossen\/#breadcrumb"},"inLanguage":"de","potentialAction":[{"@type":"ReadAction","target":["https:\/\/www.economypark.de\/rahmenplan-zur-staedtebaulichen-entwicklung-des-zweckverbandsgebietes-beschlossen\/"]}]},{"@type":"ImageObject","inLanguage":"de","@id":"https:\/\/www.economypark.de\/rahmenplan-zur-staedtebaulichen-entwicklung-des-zweckverbandsgebietes-beschlossen\/#primaryimage","url":"https:\/\/www.economypark.de\/wp-content\/uploads\/2024\/07\/20240415-ZVHDLM-vUH-Rahmenplan-nur-Plan-1-scaled.jpg","contentUrl":"https:\/\/www.economypark.de\/wp-content\/uploads\/2024\/07\/20240415-ZVHDLM-vUH-Rahmenplan-nur-Plan-1-scaled.jpg","width":2560,"height":1473,"caption":"Auf dem Bild ist der Entwurf des Rahmenplans zu sehen."},{"@type":"BreadcrumbList","@id":"https:\/\/www.economypark.de\/rahmenplan-zur-staedtebaulichen-entwicklung-des-zweckverbandsgebietes-beschlossen\/#breadcrumb","itemListElement":[{"@type":"ListItem","position":1,"name":"Start","item":"https:\/\/www.economypark.de\/"},{"@type":"ListItem","position":2,"name":"Rahmenplan zur st\u00e4dtebaulichen Entwicklung des Zweckverbandsgebietes beschlossen"}]},{"@type":"WebSite","@id":"https:\/\/www.economypark.de\/#website","url":"https:\/\/www.economypark.de\/","name":"Economy Park","description":"Innovative &amp; nachhaltige Gewerbefl\u00e4chen in der Metropolregion Rhein-Neckar.","potentialAction":[{"@type":"SearchAction","target":{"@type":"EntryPoint","urlTemplate":"https:\/\/www.economypark.de\/?s={search_term_string}"},"query-input":{"@type":"PropertyValueSpecification","valueRequired":true,"valueName":"search_term_string"}}],"inLanguage":"de"},{"@type":"Person","@id":"https:\/\/www.economypark.de\/#\/schema\/person\/323d46312b16626177e83b7ffb4759d1","name":"Alena Gluth","sameAs":["http:\/\/www.economypark.de"],"url":"https:\/\/www.economypark.de\/author\/a-kaltenmaier\/"}]}},"_links":{"self":[{"href":"https:\/\/www.economypark.de\/ecopark-api\/wp\/v2\/posts\/878","targetHints":{"allow":["GET"]}}],"collection":[{"href":"https:\/\/www.economypark.de\/ecopark-api\/wp\/v2\/posts"}],"about":[{"href":"https:\/\/www.economypark.de\/ecopark-api\/wp\/v2\/types\/post"}],"author":[{"embeddable":true,"href":"https:\/\/www.economypark.de\/ecopark-api\/wp\/v2\/users\/4"}],"replies":[{"embeddable":true,"href":"https:\/\/www.economypark.de\/ecopark-api\/wp\/v2\/comments?post=878"}],"version-history":[{"count":3,"href":"https:\/\/www.economypark.de\/ecopark-api\/wp\/v2\/posts\/878\/revisions"}],"predecessor-version":[{"id":881,"href":"https:\/\/www.economypark.de\/ecopark-api\/wp\/v2\/posts\/878\/revisions\/881"}],"wp:featuredmedia":[{"embeddable":true,"href":"https:\/\/www.economypark.de\/ecopark-api\/wp\/v2\/media\/877"}],"wp:attachment":[{"href":"https:\/\/www.economypark.de\/ecopark-api\/wp\/v2\/media?parent=878"}],"wp:term":[{"taxonomy":"category","embeddable":true,"href":"https:\/\/www.economypark.de\/ecopark-api\/wp\/v2\/categories?post=878"},{"taxonomy":"post_tag","embeddable":true,"href":"https:\/\/www.economypark.de\/ecopark-api\/wp\/v2\/tags?post=878"}],"curies":[{"name":"wp","href":"https:\/\/api.w.org\/{rel}","templated":true}]}}