{"id":856,"date":"2024-07-17T08:58:57","date_gmt":"2024-07-17T06:58:57","guid":{"rendered":"https:\/\/www.economypark.de\/?p=856"},"modified":"2024-11-25T12:36:07","modified_gmt":"2024-11-25T11:36:07","slug":"john-ehret-zum-neuen-verbandsvorsitzenden-gewaehlt","status":"publish","type":"post","link":"https:\/\/www.economypark.de\/john-ehret-zum-neuen-verbandsvorsitzenden-gewaehlt\/","title":{"rendered":"John Ehret zum neuen Verbandsvorsitzenden gew\u00e4hlt"},"content":{"rendered":"<p>Die Verbandsversammlung des Zweckverbandes \u201eInterkommunales Gewerbe- und Industriegebiet Heidelberg-Leimen\u201c hat in \u00f6ffentlicher Sitzung am 16. Juli 2024 den Oberb\u00fcrgermeister der Stadt Leimen, John Ehret, zum neuen Verbandsvorsitzenden gew\u00e4hlt. John Ehret \u00fcbernimmt das Amt von seinem Vorg\u00e4nger Hans D. Reinwald f\u00fcr die verbleibende Amtszeit von eineinhalb Jahren.<br \/>\nDer neue Verbandsvorsitzende zeigte sich erfreut \u00fcber die bevorstehenden Aufgaben und erkl\u00e4rte: \u201eMir ist es wichtig, die gute und erfolgreiche Zusammenarbeit gemeinsam mit Heidelberg fortzusetzen um das Interkommunale Gewerbe- und Industriegebiet nicht nur in der Region, sondern auch weit dar\u00fcber hinaus zu einem Vorzeigeort f\u00fcr nachhaltige wirtschaftliche Entwicklung und Innovation zu machen.\u201d<br \/>\nStellvertretende Verbandsvorsitzende sind weiterhin der Oberb\u00fcrgermeister der Stadt Heidelberg, Prof. Dr. Eckart W\u00fcrzner, der Erste B\u00fcrgermeister der Stadt Heidelberg, J\u00fcrgen Odszuck, sowie die Leimener B\u00fcrgermeisterin Claudia Felden.<\/p>\n","protected":false},"excerpt":{"rendered":"<p>Die Verbandsversammlung des Zweckverbandes \u201eInterkommunales Gewerbe- und Industriegebiet Heidelberg-Leimen\u201c hat in \u00f6ffentlicher Sitzung am 16. Juli 2024 den Oberb\u00fcrgermeister der Stadt Leimen, John Ehret, zum neuen Verbandsvorsitzenden gew\u00e4hlt. John Ehret \u00fcbernimmt das Amt von seinem Vorg\u00e4nger Hans D. Reinwald f\u00fcr die verbleibende Amtszeit von eineinhalb Jahren. Der neue Verbandsvorsitzende zeigte sich erfreut \u00fcber die bevorstehenden&#8230;<\/p>\n","protected":false},"author":3,"featured_media":871,"comment_status":"closed","ping_status":"closed","sticky":false,"template":"","format":"standard","meta":{"_acf_changed":false,"footnotes":""},"categories":[12],"tags":[],"class_list":["post-856","post","type-post","status-publish","format-standard","has-post-thumbnail","hentry","category-aktuelles"],"acf":[],"yoast_head":"<!-- This site is optimized with the Yoast SEO plugin v27.4 - https:\/\/yoast.com\/product\/yoast-seo-wordpress\/ -->\n<title>John Ehret zum neuen Verbandsvorsitzenden gew\u00e4hlt - Economy Park<\/title>\n<meta name=\"robots\" content=\"index, follow, max-snippet:-1, max-image-preview:large, max-video-preview:-1\" \/>\n<link rel=\"canonical\" href=\"https:\/\/www.economypark.de\/john-ehret-zum-neuen-verbandsvorsitzenden-gewaehlt\/\" \/>\n<meta property=\"og:locale\" content=\"de_DE\" \/>\n<meta property=\"og:type\" content=\"article\" \/>\n<meta property=\"og:title\" content=\"John Ehret zum neuen Verbandsvorsitzenden gew\u00e4hlt - Economy Park\" \/>\n<meta property=\"og:description\" content=\"Die Verbandsversammlung des Zweckverbandes \u201eInterkommunales Gewerbe- und Industriegebiet Heidelberg-Leimen\u201c hat in \u00f6ffentlicher Sitzung am 16. Juli 2024 den Oberb\u00fcrgermeister der Stadt Leimen, John Ehret, zum neuen Verbandsvorsitzenden gew\u00e4hlt. John Ehret \u00fcbernimmt das Amt von seinem Vorg\u00e4nger Hans D. Reinwald f\u00fcr die verbleibende Amtszeit von eineinhalb Jahren. Der neue Verbandsvorsitzende zeigte sich erfreut \u00fcber die bevorstehenden...\" \/>\n<meta property=\"og:url\" content=\"https:\/\/www.economypark.de\/john-ehret-zum-neuen-verbandsvorsitzenden-gewaehlt\/\" \/>\n<meta property=\"og:site_name\" content=\"Economy Park\" \/>\n<meta property=\"article:published_time\" content=\"2024-07-17T06:58:57+00:00\" \/>\n<meta property=\"article:modified_time\" content=\"2024-11-25T11:36:07+00:00\" \/>\n<meta property=\"og:image\" content=\"https:\/\/www.economypark.de\/wp-content\/uploads\/2024\/07\/IMG_0242-2-e1721221763746.jpg\" \/>\n\t<meta property=\"og:image:width\" content=\"1280\" \/>\n\t<meta property=\"og:image:height\" content=\"721\" \/>\n\t<meta property=\"og:image:type\" content=\"image\/jpeg\" \/>\n<meta name=\"author\" content=\"r.radde\" \/>\n<meta name=\"twitter:card\" content=\"summary_large_image\" \/>\n<meta name=\"twitter:label1\" content=\"Verfasst von\" \/>\n\t<meta name=\"twitter:data1\" content=\"r.radde\" \/>\n\t<meta name=\"twitter:label2\" content=\"Gesch\u00e4tzte Lesezeit\" \/>\n\t<meta name=\"twitter:data2\" content=\"1\u00a0Minute\" \/>\n<script type=\"application\/ld+json\" class=\"yoast-schema-graph\">{\"@context\":\"https:\\\/\\\/schema.org\",\"@graph\":[{\"@type\":\"Article\",\"@id\":\"https:\\\/\\\/www.economypark.de\\\/john-ehret-zum-neuen-verbandsvorsitzenden-gewaehlt\\\/#article\",\"isPartOf\":{\"@id\":\"https:\\\/\\\/www.economypark.de\\\/john-ehret-zum-neuen-verbandsvorsitzenden-gewaehlt\\\/\"},\"author\":{\"name\":\"r.radde\",\"@id\":\"https:\\\/\\\/www.economypark.de\\\/#\\\/schema\\\/person\\\/ddd5faeff96e604d6b416ecbe3e96221\"},\"headline\":\"John Ehret zum neuen Verbandsvorsitzenden gew\u00e4hlt\",\"datePublished\":\"2024-07-17T06:58:57+00:00\",\"dateModified\":\"2024-11-25T11:36:07+00:00\",\"mainEntityOfPage\":{\"@id\":\"https:\\\/\\\/www.economypark.de\\\/john-ehret-zum-neuen-verbandsvorsitzenden-gewaehlt\\\/\"},\"wordCount\":142,\"image\":{\"@id\":\"https:\\\/\\\/www.economypark.de\\\/john-ehret-zum-neuen-verbandsvorsitzenden-gewaehlt\\\/#primaryimage\"},\"thumbnailUrl\":\"https:\\\/\\\/www.economypark.de\\\/wp-content\\\/uploads\\\/2024\\\/07\\\/IMG_0242-2-e1721221763746.jpg\",\"articleSection\":[\"Aktuelles\"],\"inLanguage\":\"de\"},{\"@type\":\"WebPage\",\"@id\":\"https:\\\/\\\/www.economypark.de\\\/john-ehret-zum-neuen-verbandsvorsitzenden-gewaehlt\\\/\",\"url\":\"https:\\\/\\\/www.economypark.de\\\/john-ehret-zum-neuen-verbandsvorsitzenden-gewaehlt\\\/\",\"name\":\"John Ehret zum neuen Verbandsvorsitzenden gew\u00e4hlt - Economy Park\",\"isPartOf\":{\"@id\":\"https:\\\/\\\/www.economypark.de\\\/#website\"},\"primaryImageOfPage\":{\"@id\":\"https:\\\/\\\/www.economypark.de\\\/john-ehret-zum-neuen-verbandsvorsitzenden-gewaehlt\\\/#primaryimage\"},\"image\":{\"@id\":\"https:\\\/\\\/www.economypark.de\\\/john-ehret-zum-neuen-verbandsvorsitzenden-gewaehlt\\\/#primaryimage\"},\"thumbnailUrl\":\"https:\\\/\\\/www.economypark.de\\\/wp-content\\\/uploads\\\/2024\\\/07\\\/IMG_0242-2-e1721221763746.jpg\",\"datePublished\":\"2024-07-17T06:58:57+00:00\",\"dateModified\":\"2024-11-25T11:36:07+00:00\",\"author\":{\"@id\":\"https:\\\/\\\/www.economypark.de\\\/#\\\/schema\\\/person\\\/ddd5faeff96e604d6b416ecbe3e96221\"},\"breadcrumb\":{\"@id\":\"https:\\\/\\\/www.economypark.de\\\/john-ehret-zum-neuen-verbandsvorsitzenden-gewaehlt\\\/#breadcrumb\"},\"inLanguage\":\"de\",\"potentialAction\":[{\"@type\":\"ReadAction\",\"target\":[\"https:\\\/\\\/www.economypark.de\\\/john-ehret-zum-neuen-verbandsvorsitzenden-gewaehlt\\\/\"]}]},{\"@type\":\"ImageObject\",\"inLanguage\":\"de\",\"@id\":\"https:\\\/\\\/www.economypark.de\\\/john-ehret-zum-neuen-verbandsvorsitzenden-gewaehlt\\\/#primaryimage\",\"url\":\"https:\\\/\\\/www.economypark.de\\\/wp-content\\\/uploads\\\/2024\\\/07\\\/IMG_0242-2-e1721221763746.jpg\",\"contentUrl\":\"https:\\\/\\\/www.economypark.de\\\/wp-content\\\/uploads\\\/2024\\\/07\\\/IMG_0242-2-e1721221763746.jpg\",\"width\":1280,\"height\":721,\"caption\":\"The picture shows, from left to right, First Mayor J\u00fcrgen Odszuck, Lord Mayor John Ehret and Mayor Claudia Felden\"},{\"@type\":\"BreadcrumbList\",\"@id\":\"https:\\\/\\\/www.economypark.de\\\/john-ehret-zum-neuen-verbandsvorsitzenden-gewaehlt\\\/#breadcrumb\",\"itemListElement\":[{\"@type\":\"ListItem\",\"position\":1,\"name\":\"Start\",\"item\":\"https:\\\/\\\/www.economypark.de\\\/\"},{\"@type\":\"ListItem\",\"position\":2,\"name\":\"John Ehret zum neuen Verbandsvorsitzenden gew\u00e4hlt\"}]},{\"@type\":\"WebSite\",\"@id\":\"https:\\\/\\\/www.economypark.de\\\/#website\",\"url\":\"https:\\\/\\\/www.economypark.de\\\/\",\"name\":\"Economy Park\",\"description\":\"Innovative &amp; nachhaltige Gewerbefl\u00e4chen in der Metropolregion Rhein-Neckar.\",\"potentialAction\":[{\"@type\":\"SearchAction\",\"target\":{\"@type\":\"EntryPoint\",\"urlTemplate\":\"https:\\\/\\\/www.economypark.de\\\/?s={search_term_string}\"},\"query-input\":{\"@type\":\"PropertyValueSpecification\",\"valueRequired\":true,\"valueName\":\"search_term_string\"}}],\"inLanguage\":\"de\"},{\"@type\":\"Person\",\"@id\":\"https:\\\/\\\/www.economypark.de\\\/#\\\/schema\\\/person\\\/ddd5faeff96e604d6b416ecbe3e96221\",\"name\":\"r.radde\",\"url\":\"https:\\\/\\\/www.economypark.de\\\/author\\\/r-radde\\\/\"}]}<\/script>\n<!-- \/ Yoast SEO plugin. -->","yoast_head_json":{"title":"John Ehret zum neuen Verbandsvorsitzenden gew\u00e4hlt - Economy Park","robots":{"index":"index","follow":"follow","max-snippet":"max-snippet:-1","max-image-preview":"max-image-preview:large","max-video-preview":"max-video-preview:-1"},"canonical":"https:\/\/www.economypark.de\/john-ehret-zum-neuen-verbandsvorsitzenden-gewaehlt\/","og_locale":"de_DE","og_type":"article","og_title":"John Ehret zum neuen Verbandsvorsitzenden gew\u00e4hlt - Economy Park","og_description":"Die Verbandsversammlung des Zweckverbandes \u201eInterkommunales Gewerbe- und Industriegebiet Heidelberg-Leimen\u201c hat in \u00f6ffentlicher Sitzung am 16. Juli 2024 den Oberb\u00fcrgermeister der Stadt Leimen, John Ehret, zum neuen Verbandsvorsitzenden gew\u00e4hlt. John Ehret \u00fcbernimmt das Amt von seinem Vorg\u00e4nger Hans D. Reinwald f\u00fcr die verbleibende Amtszeit von eineinhalb Jahren. Der neue Verbandsvorsitzende zeigte sich erfreut \u00fcber die bevorstehenden...","og_url":"https:\/\/www.economypark.de\/john-ehret-zum-neuen-verbandsvorsitzenden-gewaehlt\/","og_site_name":"Economy Park","article_published_time":"2024-07-17T06:58:57+00:00","article_modified_time":"2024-11-25T11:36:07+00:00","og_image":[{"width":1280,"height":721,"url":"https:\/\/www.economypark.de\/wp-content\/uploads\/2024\/07\/IMG_0242-2-e1721221763746.jpg","type":"image\/jpeg"}],"author":"r.radde","twitter_card":"summary_large_image","twitter_misc":{"Verfasst von":"r.radde","Gesch\u00e4tzte Lesezeit":"1\u00a0Minute"},"schema":{"@context":"https:\/\/schema.org","@graph":[{"@type":"Article","@id":"https:\/\/www.economypark.de\/john-ehret-zum-neuen-verbandsvorsitzenden-gewaehlt\/#article","isPartOf":{"@id":"https:\/\/www.economypark.de\/john-ehret-zum-neuen-verbandsvorsitzenden-gewaehlt\/"},"author":{"name":"r.radde","@id":"https:\/\/www.economypark.de\/#\/schema\/person\/ddd5faeff96e604d6b416ecbe3e96221"},"headline":"John Ehret zum neuen Verbandsvorsitzenden gew\u00e4hlt","datePublished":"2024-07-17T06:58:57+00:00","dateModified":"2024-11-25T11:36:07+00:00","mainEntityOfPage":{"@id":"https:\/\/www.economypark.de\/john-ehret-zum-neuen-verbandsvorsitzenden-gewaehlt\/"},"wordCount":142,"image":{"@id":"https:\/\/www.economypark.de\/john-ehret-zum-neuen-verbandsvorsitzenden-gewaehlt\/#primaryimage"},"thumbnailUrl":"https:\/\/www.economypark.de\/wp-content\/uploads\/2024\/07\/IMG_0242-2-e1721221763746.jpg","articleSection":["Aktuelles"],"inLanguage":"de"},{"@type":"WebPage","@id":"https:\/\/www.economypark.de\/john-ehret-zum-neuen-verbandsvorsitzenden-gewaehlt\/","url":"https:\/\/www.economypark.de\/john-ehret-zum-neuen-verbandsvorsitzenden-gewaehlt\/","name":"John Ehret zum neuen Verbandsvorsitzenden gew\u00e4hlt - Economy Park","isPartOf":{"@id":"https:\/\/www.economypark.de\/#website"},"primaryImageOfPage":{"@id":"https:\/\/www.economypark.de\/john-ehret-zum-neuen-verbandsvorsitzenden-gewaehlt\/#primaryimage"},"image":{"@id":"https:\/\/www.economypark.de\/john-ehret-zum-neuen-verbandsvorsitzenden-gewaehlt\/#primaryimage"},"thumbnailUrl":"https:\/\/www.economypark.de\/wp-content\/uploads\/2024\/07\/IMG_0242-2-e1721221763746.jpg","datePublished":"2024-07-17T06:58:57+00:00","dateModified":"2024-11-25T11:36:07+00:00","author":{"@id":"https:\/\/www.economypark.de\/#\/schema\/person\/ddd5faeff96e604d6b416ecbe3e96221"},"breadcrumb":{"@id":"https:\/\/www.economypark.de\/john-ehret-zum-neuen-verbandsvorsitzenden-gewaehlt\/#breadcrumb"},"inLanguage":"de","potentialAction":[{"@type":"ReadAction","target":["https:\/\/www.economypark.de\/john-ehret-zum-neuen-verbandsvorsitzenden-gewaehlt\/"]}]},{"@type":"ImageObject","inLanguage":"de","@id":"https:\/\/www.economypark.de\/john-ehret-zum-neuen-verbandsvorsitzenden-gewaehlt\/#primaryimage","url":"https:\/\/www.economypark.de\/wp-content\/uploads\/2024\/07\/IMG_0242-2-e1721221763746.jpg","contentUrl":"https:\/\/www.economypark.de\/wp-content\/uploads\/2024\/07\/IMG_0242-2-e1721221763746.jpg","width":1280,"height":721,"caption":"The picture shows, from left to right, First Mayor J\u00fcrgen Odszuck, Lord Mayor John Ehret and Mayor Claudia Felden"},{"@type":"BreadcrumbList","@id":"https:\/\/www.economypark.de\/john-ehret-zum-neuen-verbandsvorsitzenden-gewaehlt\/#breadcrumb","itemListElement":[{"@type":"ListItem","position":1,"name":"Start","item":"https:\/\/www.economypark.de\/"},{"@type":"ListItem","position":2,"name":"John Ehret zum neuen Verbandsvorsitzenden gew\u00e4hlt"}]},{"@type":"WebSite","@id":"https:\/\/www.economypark.de\/#website","url":"https:\/\/www.economypark.de\/","name":"Economy Park","description":"Innovative &amp; nachhaltige Gewerbefl\u00e4chen in der Metropolregion Rhein-Neckar.","potentialAction":[{"@type":"SearchAction","target":{"@type":"EntryPoint","urlTemplate":"https:\/\/www.economypark.de\/?s={search_term_string}"},"query-input":{"@type":"PropertyValueSpecification","valueRequired":true,"valueName":"search_term_string"}}],"inLanguage":"de"},{"@type":"Person","@id":"https:\/\/www.economypark.de\/#\/schema\/person\/ddd5faeff96e604d6b416ecbe3e96221","name":"r.radde","url":"https:\/\/www.economypark.de\/author\/r-radde\/"}]}},"_links":{"self":[{"href":"https:\/\/www.economypark.de\/ecopark-api\/wp\/v2\/posts\/856","targetHints":{"allow":["GET"]}}],"collection":[{"href":"https:\/\/www.economypark.de\/ecopark-api\/wp\/v2\/posts"}],"about":[{"href":"https:\/\/www.economypark.de\/ecopark-api\/wp\/v2\/types\/post"}],"author":[{"embeddable":true,"href":"https:\/\/www.economypark.de\/ecopark-api\/wp\/v2\/users\/3"}],"replies":[{"embeddable":true,"href":"https:\/\/www.economypark.de\/ecopark-api\/wp\/v2\/comments?post=856"}],"version-history":[{"count":2,"href":"https:\/\/www.economypark.de\/ecopark-api\/wp\/v2\/posts\/856\/revisions"}],"predecessor-version":[{"id":870,"href":"https:\/\/www.economypark.de\/ecopark-api\/wp\/v2\/posts\/856\/revisions\/870"}],"wp:featuredmedia":[{"embeddable":true,"href":"https:\/\/www.economypark.de\/ecopark-api\/wp\/v2\/media\/871"}],"wp:attachment":[{"href":"https:\/\/www.economypark.de\/ecopark-api\/wp\/v2\/media?parent=856"}],"wp:term":[{"taxonomy":"category","embeddable":true,"href":"https:\/\/www.economypark.de\/ecopark-api\/wp\/v2\/categories?post=856"},{"taxonomy":"post_tag","embeddable":true,"href":"https:\/\/www.economypark.de\/ecopark-api\/wp\/v2\/tags?post=856"}],"curies":[{"name":"wp","href":"https:\/\/api.w.org\/{rel}","templated":true}]}}