{"id":709,"date":"2023-11-21T10:00:31","date_gmt":"2023-11-21T09:00:31","guid":{"rendered":"https:\/\/www.economypark.de\/?p=709"},"modified":"2023-11-21T11:48:11","modified_gmt":"2023-11-21T10:48:11","slug":"ministerium-fuer-landesentwicklung-und-wohnen-besuchten-eternit-gelaende","status":"publish","type":"post","link":"https:\/\/www.economypark.de\/ministerium-fuer-landesentwicklung-und-wohnen-besuchten-eternit-gelaende\/","title":{"rendered":"Ministerium f\u00fcr Landesentwicklung und Wohnen besuchte Eternit-Gel\u00e4nde"},"content":{"rendered":"<p>Vertreter des Ministeriums f\u00fcr Landesentwicklung und Wohnen Baden-W\u00fcrttemberg, darunter der Referatsleiter \u201eSt\u00e4dtebauliche Erneuerung\u201c, Leitender Ministerialrat Ralph K\u00f6nig, sowie des Regierungspr\u00e4sidiums Karlsruhe besuchten am Dienstag, den 14. November 2023 das Betriebsgel\u00e4nde der Eternit AG im Zweckverbandsgebiet. Empfangen wurden sie vom Ersten B\u00fcrgermeister der Stadt Heidelberg, J\u00fcrgen Odszuck, der Leimener B\u00fcrgermeisterin Claudia Felden, beide stellvertretende Zweckverbandsvorsitzende, sowie dem Justiziar von Eternit, Thorsten Krema.<\/p>\n<p>\u201eWir wollen uns vor Ort einen pers\u00f6nlichen Eindruck verschaffen und sehen, wo die F\u00f6rdergelder investiert werden sollen\u201c, stellte Ralph K\u00f6nig fest. Bekannterma\u00dfen wurde der Zweckverband im Fr\u00fchjahr dieses Jahres in das St\u00e4dtebauliche Erneuerungsprogramm 2023 aufgenommen und erhielt einen F\u00f6rderbetrag von 3,2 Mio. Euro, den h\u00f6chsten F\u00f6rderbetrag, der 2023 landesweit f\u00fcr die St\u00e4dtebauf\u00f6rderung gew\u00e4hrt wurde.<\/p>\n<p>Erster B\u00fcrgermeister Odszuck erl\u00e4uterte den Stand der Planungen, die auf einem sehr guten Weg seien. Aktuell wird ein Rahmenplan im Atelierverfahren erarbeitet, mit dessen Vorlage im Fr\u00fchjahr 2024 gerechnet wird. \u201eDann haben wir das Grundger\u00fcst vorliegen und k\u00f6nnen in die Detailplanungen einsteigen\u201c, so Odszuck weiter. Die F\u00f6rdergelder sollen insbesondere in Erschlie\u00dfungsma\u00dfnahmen und in die Revitalisierung der denkmalgesch\u00fctzten, ca. 2.4 ha gro\u00dfen ehemaligen Produktionshalle von Eternit flie\u00dfen.<\/p>\n","protected":false},"excerpt":{"rendered":"<p>Vertreter des Ministeriums f\u00fcr Landesentwicklung und Wohnen Baden-W\u00fcrttemberg, darunter der Referatsleiter \u201eSt\u00e4dtebauliche Erneuerung\u201c, Leitender Ministerialrat Ralph K\u00f6nig, sowie des Regierungspr\u00e4sidiums Karlsruhe besuchten am Dienstag, den 14. November 2023 das Betriebsgel\u00e4nde der Eternit AG im Zweckverbandsgebiet. Empfangen wurden sie vom Ersten B\u00fcrgermeister der Stadt Heidelberg, J\u00fcrgen Odszuck, der Leimener B\u00fcrgermeisterin Claudia Felden, beide stellvertretende Zweckverbandsvorsitzende, sowie&#8230;<\/p>\n","protected":false},"author":3,"featured_media":714,"comment_status":"closed","ping_status":"closed","sticky":false,"template":"","format":"standard","meta":{"_acf_changed":false,"footnotes":""},"categories":[12],"tags":[],"class_list":["post-709","post","type-post","status-publish","format-standard","has-post-thumbnail","hentry","category-aktuelles"],"acf":[],"yoast_head":"<!-- This site is optimized with the Yoast SEO plugin v27.4 - https:\/\/yoast.com\/product\/yoast-seo-wordpress\/ -->\n<title>Ministerium f\u00fcr Landesentwicklung und Wohnen besuchte Eternit-Gel\u00e4nde - Economy Park<\/title>\n<meta name=\"robots\" content=\"index, follow, max-snippet:-1, max-image-preview:large, max-video-preview:-1\" \/>\n<link rel=\"canonical\" href=\"https:\/\/www.economypark.de\/ministerium-fuer-landesentwicklung-und-wohnen-besuchten-eternit-gelaende\/\" \/>\n<meta property=\"og:locale\" content=\"de_DE\" \/>\n<meta property=\"og:type\" content=\"article\" \/>\n<meta property=\"og:title\" content=\"Ministerium f\u00fcr Landesentwicklung und Wohnen besuchte Eternit-Gel\u00e4nde - Economy Park\" \/>\n<meta property=\"og:description\" content=\"Vertreter des Ministeriums f\u00fcr Landesentwicklung und Wohnen Baden-W\u00fcrttemberg, darunter der Referatsleiter \u201eSt\u00e4dtebauliche Erneuerung\u201c, Leitender Ministerialrat Ralph K\u00f6nig, sowie des Regierungspr\u00e4sidiums Karlsruhe besuchten am Dienstag, den 14. November 2023 das Betriebsgel\u00e4nde der Eternit AG im Zweckverbandsgebiet. Empfangen wurden sie vom Ersten B\u00fcrgermeister der Stadt Heidelberg, J\u00fcrgen Odszuck, der Leimener B\u00fcrgermeisterin Claudia Felden, beide stellvertretende Zweckverbandsvorsitzende, sowie...\" \/>\n<meta property=\"og:url\" content=\"https:\/\/www.economypark.de\/ministerium-fuer-landesentwicklung-und-wohnen-besuchten-eternit-gelaende\/\" \/>\n<meta property=\"og:site_name\" content=\"Economy Park\" \/>\n<meta property=\"article:published_time\" content=\"2023-11-21T09:00:31+00:00\" \/>\n<meta property=\"article:modified_time\" content=\"2023-11-21T10:48:11+00:00\" \/>\n<meta property=\"og:image\" content=\"https:\/\/www.economypark.de\/wp-content\/uploads\/2023\/11\/20231114_Etex_16-9_1920px_alle.jpg\" \/>\n\t<meta property=\"og:image:width\" content=\"1920\" \/>\n\t<meta property=\"og:image:height\" content=\"1080\" \/>\n\t<meta property=\"og:image:type\" content=\"image\/jpeg\" \/>\n<meta name=\"author\" content=\"r.radde\" \/>\n<meta name=\"twitter:card\" content=\"summary_large_image\" \/>\n<meta name=\"twitter:label1\" content=\"Verfasst von\" \/>\n\t<meta name=\"twitter:data1\" content=\"r.radde\" \/>\n\t<meta name=\"twitter:label2\" content=\"Gesch\u00e4tzte Lesezeit\" \/>\n\t<meta name=\"twitter:data2\" content=\"1\u00a0Minute\" \/>\n<script type=\"application\/ld+json\" class=\"yoast-schema-graph\">{\"@context\":\"https:\\\/\\\/schema.org\",\"@graph\":[{\"@type\":\"Article\",\"@id\":\"https:\\\/\\\/www.economypark.de\\\/ministerium-fuer-landesentwicklung-und-wohnen-besuchten-eternit-gelaende\\\/#article\",\"isPartOf\":{\"@id\":\"https:\\\/\\\/www.economypark.de\\\/ministerium-fuer-landesentwicklung-und-wohnen-besuchten-eternit-gelaende\\\/\"},\"author\":{\"name\":\"r.radde\",\"@id\":\"https:\\\/\\\/www.economypark.de\\\/#\\\/schema\\\/person\\\/ddd5faeff96e604d6b416ecbe3e96221\"},\"headline\":\"Ministerium f\u00fcr Landesentwicklung und Wohnen besuchte Eternit-Gel\u00e4nde\",\"datePublished\":\"2023-11-21T09:00:31+00:00\",\"dateModified\":\"2023-11-21T10:48:11+00:00\",\"mainEntityOfPage\":{\"@id\":\"https:\\\/\\\/www.economypark.de\\\/ministerium-fuer-landesentwicklung-und-wohnen-besuchten-eternit-gelaende\\\/\"},\"wordCount\":216,\"image\":{\"@id\":\"https:\\\/\\\/www.economypark.de\\\/ministerium-fuer-landesentwicklung-und-wohnen-besuchten-eternit-gelaende\\\/#primaryimage\"},\"thumbnailUrl\":\"https:\\\/\\\/www.economypark.de\\\/wp-content\\\/uploads\\\/2023\\\/11\\\/20231114_Etex_16-9_1920px_alle.jpg\",\"articleSection\":[\"Aktuelles\"],\"inLanguage\":\"de\"},{\"@type\":\"WebPage\",\"@id\":\"https:\\\/\\\/www.economypark.de\\\/ministerium-fuer-landesentwicklung-und-wohnen-besuchten-eternit-gelaende\\\/\",\"url\":\"https:\\\/\\\/www.economypark.de\\\/ministerium-fuer-landesentwicklung-und-wohnen-besuchten-eternit-gelaende\\\/\",\"name\":\"Ministerium f\u00fcr Landesentwicklung und Wohnen besuchte Eternit-Gel\u00e4nde - Economy Park\",\"isPartOf\":{\"@id\":\"https:\\\/\\\/www.economypark.de\\\/#website\"},\"primaryImageOfPage\":{\"@id\":\"https:\\\/\\\/www.economypark.de\\\/ministerium-fuer-landesentwicklung-und-wohnen-besuchten-eternit-gelaende\\\/#primaryimage\"},\"image\":{\"@id\":\"https:\\\/\\\/www.economypark.de\\\/ministerium-fuer-landesentwicklung-und-wohnen-besuchten-eternit-gelaende\\\/#primaryimage\"},\"thumbnailUrl\":\"https:\\\/\\\/www.economypark.de\\\/wp-content\\\/uploads\\\/2023\\\/11\\\/20231114_Etex_16-9_1920px_alle.jpg\",\"datePublished\":\"2023-11-21T09:00:31+00:00\",\"dateModified\":\"2023-11-21T10:48:11+00:00\",\"author\":{\"@id\":\"https:\\\/\\\/www.economypark.de\\\/#\\\/schema\\\/person\\\/ddd5faeff96e604d6b416ecbe3e96221\"},\"breadcrumb\":{\"@id\":\"https:\\\/\\\/www.economypark.de\\\/ministerium-fuer-landesentwicklung-und-wohnen-besuchten-eternit-gelaende\\\/#breadcrumb\"},\"inLanguage\":\"de\",\"potentialAction\":[{\"@type\":\"ReadAction\",\"target\":[\"https:\\\/\\\/www.economypark.de\\\/ministerium-fuer-landesentwicklung-und-wohnen-besuchten-eternit-gelaende\\\/\"]}]},{\"@type\":\"ImageObject\",\"inLanguage\":\"de\",\"@id\":\"https:\\\/\\\/www.economypark.de\\\/ministerium-fuer-landesentwicklung-und-wohnen-besuchten-eternit-gelaende\\\/#primaryimage\",\"url\":\"https:\\\/\\\/www.economypark.de\\\/wp-content\\\/uploads\\\/2023\\\/11\\\/20231114_Etex_16-9_1920px_alle.jpg\",\"contentUrl\":\"https:\\\/\\\/www.economypark.de\\\/wp-content\\\/uploads\\\/2023\\\/11\\\/20231114_Etex_16-9_1920px_alle.jpg\",\"width\":1920,\"height\":1080},{\"@type\":\"BreadcrumbList\",\"@id\":\"https:\\\/\\\/www.economypark.de\\\/ministerium-fuer-landesentwicklung-und-wohnen-besuchten-eternit-gelaende\\\/#breadcrumb\",\"itemListElement\":[{\"@type\":\"ListItem\",\"position\":1,\"name\":\"Start\",\"item\":\"https:\\\/\\\/www.economypark.de\\\/\"},{\"@type\":\"ListItem\",\"position\":2,\"name\":\"Ministerium f\u00fcr Landesentwicklung und Wohnen besuchte Eternit-Gel\u00e4nde\"}]},{\"@type\":\"WebSite\",\"@id\":\"https:\\\/\\\/www.economypark.de\\\/#website\",\"url\":\"https:\\\/\\\/www.economypark.de\\\/\",\"name\":\"Economy Park\",\"description\":\"Innovative &amp; nachhaltige Gewerbefl\u00e4chen in der Metropolregion Rhein-Neckar.\",\"potentialAction\":[{\"@type\":\"SearchAction\",\"target\":{\"@type\":\"EntryPoint\",\"urlTemplate\":\"https:\\\/\\\/www.economypark.de\\\/?s={search_term_string}\"},\"query-input\":{\"@type\":\"PropertyValueSpecification\",\"valueRequired\":true,\"valueName\":\"search_term_string\"}}],\"inLanguage\":\"de\"},{\"@type\":\"Person\",\"@id\":\"https:\\\/\\\/www.economypark.de\\\/#\\\/schema\\\/person\\\/ddd5faeff96e604d6b416ecbe3e96221\",\"name\":\"r.radde\",\"url\":\"https:\\\/\\\/www.economypark.de\\\/author\\\/r-radde\\\/\"}]}<\/script>\n<!-- \/ Yoast SEO plugin. -->","yoast_head_json":{"title":"Ministerium f\u00fcr Landesentwicklung und Wohnen besuchte Eternit-Gel\u00e4nde - Economy Park","robots":{"index":"index","follow":"follow","max-snippet":"max-snippet:-1","max-image-preview":"max-image-preview:large","max-video-preview":"max-video-preview:-1"},"canonical":"https:\/\/www.economypark.de\/ministerium-fuer-landesentwicklung-und-wohnen-besuchten-eternit-gelaende\/","og_locale":"de_DE","og_type":"article","og_title":"Ministerium f\u00fcr Landesentwicklung und Wohnen besuchte Eternit-Gel\u00e4nde - Economy Park","og_description":"Vertreter des Ministeriums f\u00fcr Landesentwicklung und Wohnen Baden-W\u00fcrttemberg, darunter der Referatsleiter \u201eSt\u00e4dtebauliche Erneuerung\u201c, Leitender Ministerialrat Ralph K\u00f6nig, sowie des Regierungspr\u00e4sidiums Karlsruhe besuchten am Dienstag, den 14. November 2023 das Betriebsgel\u00e4nde der Eternit AG im Zweckverbandsgebiet. Empfangen wurden sie vom Ersten B\u00fcrgermeister der Stadt Heidelberg, J\u00fcrgen Odszuck, der Leimener B\u00fcrgermeisterin Claudia Felden, beide stellvertretende Zweckverbandsvorsitzende, sowie...","og_url":"https:\/\/www.economypark.de\/ministerium-fuer-landesentwicklung-und-wohnen-besuchten-eternit-gelaende\/","og_site_name":"Economy Park","article_published_time":"2023-11-21T09:00:31+00:00","article_modified_time":"2023-11-21T10:48:11+00:00","og_image":[{"width":1920,"height":1080,"url":"https:\/\/www.economypark.de\/wp-content\/uploads\/2023\/11\/20231114_Etex_16-9_1920px_alle.jpg","type":"image\/jpeg"}],"author":"r.radde","twitter_card":"summary_large_image","twitter_misc":{"Verfasst von":"r.radde","Gesch\u00e4tzte Lesezeit":"1\u00a0Minute"},"schema":{"@context":"https:\/\/schema.org","@graph":[{"@type":"Article","@id":"https:\/\/www.economypark.de\/ministerium-fuer-landesentwicklung-und-wohnen-besuchten-eternit-gelaende\/#article","isPartOf":{"@id":"https:\/\/www.economypark.de\/ministerium-fuer-landesentwicklung-und-wohnen-besuchten-eternit-gelaende\/"},"author":{"name":"r.radde","@id":"https:\/\/www.economypark.de\/#\/schema\/person\/ddd5faeff96e604d6b416ecbe3e96221"},"headline":"Ministerium f\u00fcr Landesentwicklung und Wohnen besuchte Eternit-Gel\u00e4nde","datePublished":"2023-11-21T09:00:31+00:00","dateModified":"2023-11-21T10:48:11+00:00","mainEntityOfPage":{"@id":"https:\/\/www.economypark.de\/ministerium-fuer-landesentwicklung-und-wohnen-besuchten-eternit-gelaende\/"},"wordCount":216,"image":{"@id":"https:\/\/www.economypark.de\/ministerium-fuer-landesentwicklung-und-wohnen-besuchten-eternit-gelaende\/#primaryimage"},"thumbnailUrl":"https:\/\/www.economypark.de\/wp-content\/uploads\/2023\/11\/20231114_Etex_16-9_1920px_alle.jpg","articleSection":["Aktuelles"],"inLanguage":"de"},{"@type":"WebPage","@id":"https:\/\/www.economypark.de\/ministerium-fuer-landesentwicklung-und-wohnen-besuchten-eternit-gelaende\/","url":"https:\/\/www.economypark.de\/ministerium-fuer-landesentwicklung-und-wohnen-besuchten-eternit-gelaende\/","name":"Ministerium f\u00fcr Landesentwicklung und Wohnen besuchte Eternit-Gel\u00e4nde - Economy Park","isPartOf":{"@id":"https:\/\/www.economypark.de\/#website"},"primaryImageOfPage":{"@id":"https:\/\/www.economypark.de\/ministerium-fuer-landesentwicklung-und-wohnen-besuchten-eternit-gelaende\/#primaryimage"},"image":{"@id":"https:\/\/www.economypark.de\/ministerium-fuer-landesentwicklung-und-wohnen-besuchten-eternit-gelaende\/#primaryimage"},"thumbnailUrl":"https:\/\/www.economypark.de\/wp-content\/uploads\/2023\/11\/20231114_Etex_16-9_1920px_alle.jpg","datePublished":"2023-11-21T09:00:31+00:00","dateModified":"2023-11-21T10:48:11+00:00","author":{"@id":"https:\/\/www.economypark.de\/#\/schema\/person\/ddd5faeff96e604d6b416ecbe3e96221"},"breadcrumb":{"@id":"https:\/\/www.economypark.de\/ministerium-fuer-landesentwicklung-und-wohnen-besuchten-eternit-gelaende\/#breadcrumb"},"inLanguage":"de","potentialAction":[{"@type":"ReadAction","target":["https:\/\/www.economypark.de\/ministerium-fuer-landesentwicklung-und-wohnen-besuchten-eternit-gelaende\/"]}]},{"@type":"ImageObject","inLanguage":"de","@id":"https:\/\/www.economypark.de\/ministerium-fuer-landesentwicklung-und-wohnen-besuchten-eternit-gelaende\/#primaryimage","url":"https:\/\/www.economypark.de\/wp-content\/uploads\/2023\/11\/20231114_Etex_16-9_1920px_alle.jpg","contentUrl":"https:\/\/www.economypark.de\/wp-content\/uploads\/2023\/11\/20231114_Etex_16-9_1920px_alle.jpg","width":1920,"height":1080},{"@type":"BreadcrumbList","@id":"https:\/\/www.economypark.de\/ministerium-fuer-landesentwicklung-und-wohnen-besuchten-eternit-gelaende\/#breadcrumb","itemListElement":[{"@type":"ListItem","position":1,"name":"Start","item":"https:\/\/www.economypark.de\/"},{"@type":"ListItem","position":2,"name":"Ministerium f\u00fcr Landesentwicklung und Wohnen besuchte Eternit-Gel\u00e4nde"}]},{"@type":"WebSite","@id":"https:\/\/www.economypark.de\/#website","url":"https:\/\/www.economypark.de\/","name":"Economy Park","description":"Innovative &amp; nachhaltige Gewerbefl\u00e4chen in der Metropolregion Rhein-Neckar.","potentialAction":[{"@type":"SearchAction","target":{"@type":"EntryPoint","urlTemplate":"https:\/\/www.economypark.de\/?s={search_term_string}"},"query-input":{"@type":"PropertyValueSpecification","valueRequired":true,"valueName":"search_term_string"}}],"inLanguage":"de"},{"@type":"Person","@id":"https:\/\/www.economypark.de\/#\/schema\/person\/ddd5faeff96e604d6b416ecbe3e96221","name":"r.radde","url":"https:\/\/www.economypark.de\/author\/r-radde\/"}]}},"_links":{"self":[{"href":"https:\/\/www.economypark.de\/ecopark-api\/wp\/v2\/posts\/709","targetHints":{"allow":["GET"]}}],"collection":[{"href":"https:\/\/www.economypark.de\/ecopark-api\/wp\/v2\/posts"}],"about":[{"href":"https:\/\/www.economypark.de\/ecopark-api\/wp\/v2\/types\/post"}],"author":[{"embeddable":true,"href":"https:\/\/www.economypark.de\/ecopark-api\/wp\/v2\/users\/3"}],"replies":[{"embeddable":true,"href":"https:\/\/www.economypark.de\/ecopark-api\/wp\/v2\/comments?post=709"}],"version-history":[{"count":8,"href":"https:\/\/www.economypark.de\/ecopark-api\/wp\/v2\/posts\/709\/revisions"}],"predecessor-version":[{"id":719,"href":"https:\/\/www.economypark.de\/ecopark-api\/wp\/v2\/posts\/709\/revisions\/719"}],"wp:featuredmedia":[{"embeddable":true,"href":"https:\/\/www.economypark.de\/ecopark-api\/wp\/v2\/media\/714"}],"wp:attachment":[{"href":"https:\/\/www.economypark.de\/ecopark-api\/wp\/v2\/media?parent=709"}],"wp:term":[{"taxonomy":"category","embeddable":true,"href":"https:\/\/www.economypark.de\/ecopark-api\/wp\/v2\/categories?post=709"},{"taxonomy":"post_tag","embeddable":true,"href":"https:\/\/www.economypark.de\/ecopark-api\/wp\/v2\/tags?post=709"}],"curies":[{"name":"wp","href":"https:\/\/api.w.org\/{rel}","templated":true}]}}