{"id":314,"date":"2023-05-17T13:56:20","date_gmt":"2023-05-17T11:56:20","guid":{"rendered":"https:\/\/www.economypark.de\/?p=314"},"modified":"2023-07-27T10:15:09","modified_gmt":"2023-07-27T08:15:09","slug":"hoechste-foerderung-in-baden-wuerttemberg","status":"publish","type":"post","link":"https:\/\/www.economypark.de\/hoechste-foerderung-in-baden-wuerttemberg\/","title":{"rendered":"3,2 Mio. Euro F\u00f6rdermittel \u2013 h\u00f6chste F\u00f6rderung in Baden-W\u00fcrttemberg"},"content":{"rendered":"<p>Mit Bewilligungsbescheid vom 5. Mai 2023 erh\u00e4lt der Zweckverband \u201eInterkommunales Gewerbe- und Industriegebiet Heidelberg-Leimen\u201c im Rahmen der St\u00e4dtebauf\u00f6rderung 2023 vom Ministerium f\u00fcr Landesentwicklung und Wohnen einen ersten F\u00f6rderbetrag von 3,2 Mio. Euro. Der F\u00f6rderzeitraum erstreckt sich \u00fcber zehn Jahre bis zum Jahr 2032. Es ist der h\u00f6chste F\u00f6rderbetrag, den das Land Baden-W\u00fcrttemberg im Rahmen der St\u00e4dtebauf\u00f6rderung f\u00fcr 2023 vergeben hat. Die Landtagsabgeordnete des Wahlkreises Wiesloch und Vorsitzende des Landtagsausschusses f\u00fcr Landesentwicklung und Wohnen, Christiane Staab, besichtigte am 17. Mai 2023 das besagte Areal. Bei einem gemeinsamen Termin vor Ort informierten der Verbandsvorsitzende, Oberb\u00fcrgermeister Hans D. Reinwald aus Leimen und sein Stellvertreter, Oberb\u00fcrgermeister Prof. Dr. Eckart W\u00fcrzner aus Heidelberg, Frau Christiane Staab \u00fcber den aktuellen Planungsstand und die weitere Entwicklung.<\/p>\n<p>Lesen Sie hierzu die <a href=\"https:\/\/www.rnz.de\/region\/heidelberg_artikel,-Eternit-Areal-Heidelberg-Warum-die-Stadt-das-Gewerbegebiet-mit-Leimen-bitter-noetig-hat-_arid,1153322.html\" target=\"_blank\" rel=\"noopener\">Berichterstattung aus der Rhein-Neckar-Zeitung<\/a>\u00a0sowie die <a href=\"\/wp-content\/uploads\/2023\/07\/18jul_Interkommunales-Gewerbegebiet.pdf\" target=\"_blank\" rel=\"noopener\">Pressemeldung des Zweckverbandes <\/a>.<\/p>\n","protected":false},"excerpt":{"rendered":"<p>Christiane Staab, Vorsitzende des Landtagausschusses Baden-W\u00fcrttemberg, besucht das interkommunale Gewerbe- und Industriegebiet<\/p>\n","protected":false},"author":1,"featured_media":429,"comment_status":"closed","ping_status":"closed","sticky":false,"template":"","format":"standard","meta":{"_acf_changed":false,"footnotes":""},"categories":[12],"tags":[],"class_list":["post-314","post","type-post","status-publish","format-standard","has-post-thumbnail","hentry","category-aktuelles"],"acf":[],"yoast_head":"<!-- This site is optimized with the Yoast SEO plugin v27.4 - https:\/\/yoast.com\/product\/yoast-seo-wordpress\/ -->\n<title>3,2 Mio. Euro F\u00f6rdermittel \u2013 h\u00f6chste F\u00f6rderung in Baden-W\u00fcrttemberg - Economy Park<\/title>\n<meta name=\"robots\" content=\"index, follow, max-snippet:-1, max-image-preview:large, max-video-preview:-1\" \/>\n<link rel=\"canonical\" href=\"https:\/\/www.economypark.de\/hoechste-foerderung-in-baden-wuerttemberg\/\" \/>\n<meta property=\"og:locale\" content=\"de_DE\" \/>\n<meta property=\"og:type\" content=\"article\" \/>\n<meta property=\"og:title\" content=\"3,2 Mio. Euro F\u00f6rdermittel \u2013 h\u00f6chste F\u00f6rderung in Baden-W\u00fcrttemberg - Economy Park\" \/>\n<meta property=\"og:description\" content=\"Christiane Staab, Vorsitzende des Landtagausschusses Baden-W\u00fcrttemberg, besucht das interkommunale Gewerbe- und Industriegebiet\" \/>\n<meta property=\"og:url\" content=\"https:\/\/www.economypark.de\/hoechste-foerderung-in-baden-wuerttemberg\/\" \/>\n<meta property=\"og:site_name\" content=\"Economy Park\" \/>\n<meta property=\"article:published_time\" content=\"2023-05-17T11:56:20+00:00\" \/>\n<meta property=\"article:modified_time\" content=\"2023-07-27T08:15:09+00:00\" \/>\n<meta property=\"og:image\" content=\"https:\/\/www.economypark.de\/wp-content\/uploads\/2023\/07\/Begehung-Eternit-Rohrbach-Sued-219.jpg\" \/>\n\t<meta property=\"og:image:width\" content=\"1920\" \/>\n\t<meta property=\"og:image:height\" content=\"1080\" \/>\n\t<meta property=\"og:image:type\" content=\"image\/jpeg\" \/>\n<meta name=\"author\" content=\"mkleiser\" \/>\n<meta name=\"twitter:card\" content=\"summary_large_image\" \/>\n<meta name=\"twitter:label1\" content=\"Verfasst von\" \/>\n\t<meta name=\"twitter:data1\" content=\"mkleiser\" \/>\n\t<meta name=\"twitter:label2\" content=\"Gesch\u00e4tzte Lesezeit\" \/>\n\t<meta name=\"twitter:data2\" content=\"1\u00a0Minute\" \/>\n<script type=\"application\/ld+json\" class=\"yoast-schema-graph\">{\"@context\":\"https:\\\/\\\/schema.org\",\"@graph\":[{\"@type\":\"Article\",\"@id\":\"https:\\\/\\\/www.economypark.de\\\/hoechste-foerderung-in-baden-wuerttemberg\\\/#article\",\"isPartOf\":{\"@id\":\"https:\\\/\\\/www.economypark.de\\\/hoechste-foerderung-in-baden-wuerttemberg\\\/\"},\"author\":{\"name\":\"mkleiser\",\"@id\":\"https:\\\/\\\/www.economypark.de\\\/#\\\/schema\\\/person\\\/162aa6d52e482aa3a4761f86d5be6b9f\"},\"headline\":\"3,2 Mio. Euro F\u00f6rdermittel \u2013 h\u00f6chste F\u00f6rderung in Baden-W\u00fcrttemberg\",\"datePublished\":\"2023-05-17T11:56:20+00:00\",\"dateModified\":\"2023-07-27T08:15:09+00:00\",\"mainEntityOfPage\":{\"@id\":\"https:\\\/\\\/www.economypark.de\\\/hoechste-foerderung-in-baden-wuerttemberg\\\/\"},\"wordCount\":151,\"image\":{\"@id\":\"https:\\\/\\\/www.economypark.de\\\/hoechste-foerderung-in-baden-wuerttemberg\\\/#primaryimage\"},\"thumbnailUrl\":\"https:\\\/\\\/www.economypark.de\\\/wp-content\\\/uploads\\\/2023\\\/07\\\/Begehung-Eternit-Rohrbach-Sued-219.jpg\",\"articleSection\":[\"Aktuelles\"],\"inLanguage\":\"de\"},{\"@type\":\"WebPage\",\"@id\":\"https:\\\/\\\/www.economypark.de\\\/hoechste-foerderung-in-baden-wuerttemberg\\\/\",\"url\":\"https:\\\/\\\/www.economypark.de\\\/hoechste-foerderung-in-baden-wuerttemberg\\\/\",\"name\":\"3,2 Mio. Euro F\u00f6rdermittel \u2013 h\u00f6chste F\u00f6rderung in Baden-W\u00fcrttemberg - Economy Park\",\"isPartOf\":{\"@id\":\"https:\\\/\\\/www.economypark.de\\\/#website\"},\"primaryImageOfPage\":{\"@id\":\"https:\\\/\\\/www.economypark.de\\\/hoechste-foerderung-in-baden-wuerttemberg\\\/#primaryimage\"},\"image\":{\"@id\":\"https:\\\/\\\/www.economypark.de\\\/hoechste-foerderung-in-baden-wuerttemberg\\\/#primaryimage\"},\"thumbnailUrl\":\"https:\\\/\\\/www.economypark.de\\\/wp-content\\\/uploads\\\/2023\\\/07\\\/Begehung-Eternit-Rohrbach-Sued-219.jpg\",\"datePublished\":\"2023-05-17T11:56:20+00:00\",\"dateModified\":\"2023-07-27T08:15:09+00:00\",\"author\":{\"@id\":\"https:\\\/\\\/www.economypark.de\\\/#\\\/schema\\\/person\\\/162aa6d52e482aa3a4761f86d5be6b9f\"},\"breadcrumb\":{\"@id\":\"https:\\\/\\\/www.economypark.de\\\/hoechste-foerderung-in-baden-wuerttemberg\\\/#breadcrumb\"},\"inLanguage\":\"de\",\"potentialAction\":[{\"@type\":\"ReadAction\",\"target\":[\"https:\\\/\\\/www.economypark.de\\\/hoechste-foerderung-in-baden-wuerttemberg\\\/\"]}]},{\"@type\":\"ImageObject\",\"inLanguage\":\"de\",\"@id\":\"https:\\\/\\\/www.economypark.de\\\/hoechste-foerderung-in-baden-wuerttemberg\\\/#primaryimage\",\"url\":\"https:\\\/\\\/www.economypark.de\\\/wp-content\\\/uploads\\\/2023\\\/07\\\/Begehung-Eternit-Rohrbach-Sued-219.jpg\",\"contentUrl\":\"https:\\\/\\\/www.economypark.de\\\/wp-content\\\/uploads\\\/2023\\\/07\\\/Begehung-Eternit-Rohrbach-Sued-219.jpg\",\"width\":1920,\"height\":1080,\"caption\":\"Rund um die denkmalgesch\u00fctzte fr\u00fchere Eternit-Produktionshalle soll ein Interkommunales Gewerbe- und Industriegebiet etnstehen, das vom Land im Rahmen der St\u00e4dtebauf\u00f6rderung mit 3,2 Millionen Euro mitfinanziert wird. B\u00fcrgermeisterin Claudia Felden (Leimen), Thorsten Krema (Etex), Oberb\u00fcrgermeister Eckart W\u00fcrzner, Landtagsabgeordnete Christiane Staab, Leimens OB Hans D. Reinwald und Erster B\u00fcrgermeister J\u00fcrgen Odszuck (v.l.) informieren vor Ort. Foto: Philipp Rothe, 17.07.2023\"},{\"@type\":\"BreadcrumbList\",\"@id\":\"https:\\\/\\\/www.economypark.de\\\/hoechste-foerderung-in-baden-wuerttemberg\\\/#breadcrumb\",\"itemListElement\":[{\"@type\":\"ListItem\",\"position\":1,\"name\":\"Start\",\"item\":\"https:\\\/\\\/www.economypark.de\\\/\"},{\"@type\":\"ListItem\",\"position\":2,\"name\":\"3,2 Mio. Euro F\u00f6rdermittel \u2013 h\u00f6chste F\u00f6rderung in Baden-W\u00fcrttemberg\"}]},{\"@type\":\"WebSite\",\"@id\":\"https:\\\/\\\/www.economypark.de\\\/#website\",\"url\":\"https:\\\/\\\/www.economypark.de\\\/\",\"name\":\"Economy Park\",\"description\":\"Innovative &amp; nachhaltige Gewerbefl\u00e4chen in der Metropolregion Rhein-Neckar.\",\"potentialAction\":[{\"@type\":\"SearchAction\",\"target\":{\"@type\":\"EntryPoint\",\"urlTemplate\":\"https:\\\/\\\/www.economypark.de\\\/?s={search_term_string}\"},\"query-input\":{\"@type\":\"PropertyValueSpecification\",\"valueRequired\":true,\"valueName\":\"search_term_string\"}}],\"inLanguage\":\"de\"},{\"@type\":\"Person\",\"@id\":\"https:\\\/\\\/www.economypark.de\\\/#\\\/schema\\\/person\\\/162aa6d52e482aa3a4761f86d5be6b9f\",\"name\":\"mkleiser\",\"sameAs\":[\"https:\\\/\\\/www.economypark.de\"],\"url\":\"https:\\\/\\\/www.economypark.de\\\/author\\\/mkleiser\\\/\"}]}<\/script>\n<!-- \/ Yoast SEO plugin. -->","yoast_head_json":{"title":"3,2 Mio. Euro F\u00f6rdermittel \u2013 h\u00f6chste F\u00f6rderung in Baden-W\u00fcrttemberg - Economy Park","robots":{"index":"index","follow":"follow","max-snippet":"max-snippet:-1","max-image-preview":"max-image-preview:large","max-video-preview":"max-video-preview:-1"},"canonical":"https:\/\/www.economypark.de\/hoechste-foerderung-in-baden-wuerttemberg\/","og_locale":"de_DE","og_type":"article","og_title":"3,2 Mio. Euro F\u00f6rdermittel \u2013 h\u00f6chste F\u00f6rderung in Baden-W\u00fcrttemberg - Economy Park","og_description":"Christiane Staab, Vorsitzende des Landtagausschusses Baden-W\u00fcrttemberg, besucht das interkommunale Gewerbe- und Industriegebiet","og_url":"https:\/\/www.economypark.de\/hoechste-foerderung-in-baden-wuerttemberg\/","og_site_name":"Economy Park","article_published_time":"2023-05-17T11:56:20+00:00","article_modified_time":"2023-07-27T08:15:09+00:00","og_image":[{"width":1920,"height":1080,"url":"https:\/\/www.economypark.de\/wp-content\/uploads\/2023\/07\/Begehung-Eternit-Rohrbach-Sued-219.jpg","type":"image\/jpeg"}],"author":"mkleiser","twitter_card":"summary_large_image","twitter_misc":{"Verfasst von":"mkleiser","Gesch\u00e4tzte Lesezeit":"1\u00a0Minute"},"schema":{"@context":"https:\/\/schema.org","@graph":[{"@type":"Article","@id":"https:\/\/www.economypark.de\/hoechste-foerderung-in-baden-wuerttemberg\/#article","isPartOf":{"@id":"https:\/\/www.economypark.de\/hoechste-foerderung-in-baden-wuerttemberg\/"},"author":{"name":"mkleiser","@id":"https:\/\/www.economypark.de\/#\/schema\/person\/162aa6d52e482aa3a4761f86d5be6b9f"},"headline":"3,2 Mio. Euro F\u00f6rdermittel \u2013 h\u00f6chste F\u00f6rderung in Baden-W\u00fcrttemberg","datePublished":"2023-05-17T11:56:20+00:00","dateModified":"2023-07-27T08:15:09+00:00","mainEntityOfPage":{"@id":"https:\/\/www.economypark.de\/hoechste-foerderung-in-baden-wuerttemberg\/"},"wordCount":151,"image":{"@id":"https:\/\/www.economypark.de\/hoechste-foerderung-in-baden-wuerttemberg\/#primaryimage"},"thumbnailUrl":"https:\/\/www.economypark.de\/wp-content\/uploads\/2023\/07\/Begehung-Eternit-Rohrbach-Sued-219.jpg","articleSection":["Aktuelles"],"inLanguage":"de"},{"@type":"WebPage","@id":"https:\/\/www.economypark.de\/hoechste-foerderung-in-baden-wuerttemberg\/","url":"https:\/\/www.economypark.de\/hoechste-foerderung-in-baden-wuerttemberg\/","name":"3,2 Mio. Euro F\u00f6rdermittel \u2013 h\u00f6chste F\u00f6rderung in Baden-W\u00fcrttemberg - Economy Park","isPartOf":{"@id":"https:\/\/www.economypark.de\/#website"},"primaryImageOfPage":{"@id":"https:\/\/www.economypark.de\/hoechste-foerderung-in-baden-wuerttemberg\/#primaryimage"},"image":{"@id":"https:\/\/www.economypark.de\/hoechste-foerderung-in-baden-wuerttemberg\/#primaryimage"},"thumbnailUrl":"https:\/\/www.economypark.de\/wp-content\/uploads\/2023\/07\/Begehung-Eternit-Rohrbach-Sued-219.jpg","datePublished":"2023-05-17T11:56:20+00:00","dateModified":"2023-07-27T08:15:09+00:00","author":{"@id":"https:\/\/www.economypark.de\/#\/schema\/person\/162aa6d52e482aa3a4761f86d5be6b9f"},"breadcrumb":{"@id":"https:\/\/www.economypark.de\/hoechste-foerderung-in-baden-wuerttemberg\/#breadcrumb"},"inLanguage":"de","potentialAction":[{"@type":"ReadAction","target":["https:\/\/www.economypark.de\/hoechste-foerderung-in-baden-wuerttemberg\/"]}]},{"@type":"ImageObject","inLanguage":"de","@id":"https:\/\/www.economypark.de\/hoechste-foerderung-in-baden-wuerttemberg\/#primaryimage","url":"https:\/\/www.economypark.de\/wp-content\/uploads\/2023\/07\/Begehung-Eternit-Rohrbach-Sued-219.jpg","contentUrl":"https:\/\/www.economypark.de\/wp-content\/uploads\/2023\/07\/Begehung-Eternit-Rohrbach-Sued-219.jpg","width":1920,"height":1080,"caption":"Rund um die denkmalgesch\u00fctzte fr\u00fchere Eternit-Produktionshalle soll ein Interkommunales Gewerbe- und Industriegebiet etnstehen, das vom Land im Rahmen der St\u00e4dtebauf\u00f6rderung mit 3,2 Millionen Euro mitfinanziert wird. B\u00fcrgermeisterin Claudia Felden (Leimen), Thorsten Krema (Etex), Oberb\u00fcrgermeister Eckart W\u00fcrzner, Landtagsabgeordnete Christiane Staab, Leimens OB Hans D. Reinwald und Erster B\u00fcrgermeister J\u00fcrgen Odszuck (v.l.) informieren vor Ort. Foto: Philipp Rothe, 17.07.2023"},{"@type":"BreadcrumbList","@id":"https:\/\/www.economypark.de\/hoechste-foerderung-in-baden-wuerttemberg\/#breadcrumb","itemListElement":[{"@type":"ListItem","position":1,"name":"Start","item":"https:\/\/www.economypark.de\/"},{"@type":"ListItem","position":2,"name":"3,2 Mio. Euro F\u00f6rdermittel \u2013 h\u00f6chste F\u00f6rderung in Baden-W\u00fcrttemberg"}]},{"@type":"WebSite","@id":"https:\/\/www.economypark.de\/#website","url":"https:\/\/www.economypark.de\/","name":"Economy Park","description":"Innovative &amp; nachhaltige Gewerbefl\u00e4chen in der Metropolregion Rhein-Neckar.","potentialAction":[{"@type":"SearchAction","target":{"@type":"EntryPoint","urlTemplate":"https:\/\/www.economypark.de\/?s={search_term_string}"},"query-input":{"@type":"PropertyValueSpecification","valueRequired":true,"valueName":"search_term_string"}}],"inLanguage":"de"},{"@type":"Person","@id":"https:\/\/www.economypark.de\/#\/schema\/person\/162aa6d52e482aa3a4761f86d5be6b9f","name":"mkleiser","sameAs":["https:\/\/www.economypark.de"],"url":"https:\/\/www.economypark.de\/author\/mkleiser\/"}]}},"_links":{"self":[{"href":"https:\/\/www.economypark.de\/ecopark-api\/wp\/v2\/posts\/314","targetHints":{"allow":["GET"]}}],"collection":[{"href":"https:\/\/www.economypark.de\/ecopark-api\/wp\/v2\/posts"}],"about":[{"href":"https:\/\/www.economypark.de\/ecopark-api\/wp\/v2\/types\/post"}],"author":[{"embeddable":true,"href":"https:\/\/www.economypark.de\/ecopark-api\/wp\/v2\/users\/1"}],"replies":[{"embeddable":true,"href":"https:\/\/www.economypark.de\/ecopark-api\/wp\/v2\/comments?post=314"}],"version-history":[{"count":11,"href":"https:\/\/www.economypark.de\/ecopark-api\/wp\/v2\/posts\/314\/revisions"}],"predecessor-version":[{"id":459,"href":"https:\/\/www.economypark.de\/ecopark-api\/wp\/v2\/posts\/314\/revisions\/459"}],"wp:featuredmedia":[{"embeddable":true,"href":"https:\/\/www.economypark.de\/ecopark-api\/wp\/v2\/media\/429"}],"wp:attachment":[{"href":"https:\/\/www.economypark.de\/ecopark-api\/wp\/v2\/media?parent=314"}],"wp:term":[{"taxonomy":"category","embeddable":true,"href":"https:\/\/www.economypark.de\/ecopark-api\/wp\/v2\/categories?post=314"},{"taxonomy":"post_tag","embeddable":true,"href":"https:\/\/www.economypark.de\/ecopark-api\/wp\/v2\/tags?post=314"}],"curies":[{"name":"wp","href":"https:\/\/api.w.org\/{rel}","templated":true}]}}