{"id":1744,"date":"2025-11-26T10:21:49","date_gmt":"2025-11-26T09:21:49","guid":{"rendered":"https:\/\/www.economypark.de\/?p=1744"},"modified":"2025-11-26T10:45:09","modified_gmt":"2025-11-26T09:45:09","slug":"wahl-der-verbandsspitze-und-wichtige-beschluesse-bei-der-verbandsversammlung-am-19-oktober","status":"publish","type":"post","link":"https:\/\/www.economypark.de\/wahl-der-verbandsspitze-und-wichtige-beschluesse-bei-der-verbandsversammlung-am-19-oktober\/","title":{"rendered":"Wahl der Verbandsspitze und wichtige Beschl\u00fcsse bei der Verbandsversammlung am 19. November"},"content":{"rendered":"<p>Die Verbandsversammlung des Economy Parks Heidelberg\u2013Leimen am 19. November 2025 stand im Zeichen richtungsweisender Entscheidungen f\u00fcr die weitere Entwicklung des Verbandsgebiets.<br \/>\nIm Mittelpunkt stand die Wiederwahl der Verbandsspitze: Oberb\u00fcrgermeister John Ehret wurde einstimmig f\u00fcr weitere f\u00fcnf Jahre als Verbandsvorsitzender gew\u00e4hlt. Ebenso wurden die stellvertretenden Verbandsvorsitzenden Oberb\u00fcrgermeister Prof. Dr. Eckart W\u00fcrzner, Erster B\u00fcrgermeister J\u00fcrgen Odszuck und B\u00fcrgermeisterin Claudia Felden einstimmig in ihren \u00c4mtern best\u00e4tigt.<\/p>\n<p>Dar\u00fcber hinaus fasste die Versammlung weitere zentrale Beschl\u00fcsse: die Ausschreibung der Planungsleistungen f\u00fcr die Durchgangsstra\u00dfe und die Stra\u00dfenbahn sowie die Verabschiedung des Haushalts f\u00fcr das Jahr 2026.<\/p>\n<p>Einen detaillierten \u00dcberblick \u00fcber die Sitzung und die geplante Entwicklung des Economy Parks Heidelberg &#8211; Leimen bietet der Bericht von Martina Senghas beim SWR: <a href=\"https:\/\/www.swr.de\/swraktuell\/baden-wuerttemberg\/mannheim\/heidelberg-und-leimen-entwickeln-neues-gewerbe-und-industrie-gebiet-economy-park-100.html\">https:\/\/www.swr.de\/swraktuell\/baden-wuerttemberg\/mannheim\/heidelberg-und-leimen-entwickeln-neues-gewerbe-und-industrie-gebiet-economy-park-100.html<\/a><\/p>\n","protected":false},"excerpt":{"rendered":"<p>Die Verbandsversammlung des Economy Parks Heidelberg\u2013Leimen am 19. November 2025 stand im Zeichen richtungsweisender Entscheidungen f\u00fcr die weitere Entwicklung des Verbandsgebiets. Im Mittelpunkt stand die Wiederwahl der Verbandsspitze: Oberb\u00fcrgermeister John Ehret wurde einstimmig f\u00fcr weitere f\u00fcnf Jahre als Verbandsvorsitzender gew\u00e4hlt. Ebenso wurden die stellvertretenden Verbandsvorsitzenden Oberb\u00fcrgermeister Prof. Dr. Eckart W\u00fcrzner, Erster B\u00fcrgermeister J\u00fcrgen Odszuck und&#8230;<\/p>\n","protected":false},"author":4,"featured_media":1696,"comment_status":"closed","ping_status":"closed","sticky":false,"template":"","format":"standard","meta":{"_acf_changed":false,"footnotes":""},"categories":[12],"tags":[],"class_list":["post-1744","post","type-post","status-publish","format-standard","has-post-thumbnail","hentry","category-aktuelles"],"acf":[],"yoast_head":"<!-- This site is optimized with the Yoast SEO plugin v27.4 - https:\/\/yoast.com\/product\/yoast-seo-wordpress\/ -->\n<title>Wahl der Verbandsspitze und wichtige Beschl\u00fcsse bei der Verbandsversammlung am 19. November - Economy Park<\/title>\n<meta name=\"robots\" content=\"index, follow, max-snippet:-1, max-image-preview:large, max-video-preview:-1\" \/>\n<link rel=\"canonical\" href=\"https:\/\/www.economypark.de\/wahl-der-verbandsspitze-und-wichtige-beschluesse-bei-der-verbandsversammlung-am-19-oktober\/\" \/>\n<meta property=\"og:locale\" content=\"de_DE\" \/>\n<meta property=\"og:type\" content=\"article\" \/>\n<meta property=\"og:title\" content=\"Wahl der Verbandsspitze und wichtige Beschl\u00fcsse bei der Verbandsversammlung am 19. November - Economy Park\" \/>\n<meta property=\"og:description\" content=\"Die Verbandsversammlung des Economy Parks Heidelberg\u2013Leimen am 19. November 2025 stand im Zeichen richtungsweisender Entscheidungen f\u00fcr die weitere Entwicklung des Verbandsgebiets. Im Mittelpunkt stand die Wiederwahl der Verbandsspitze: Oberb\u00fcrgermeister John Ehret wurde einstimmig f\u00fcr weitere f\u00fcnf Jahre als Verbandsvorsitzender gew\u00e4hlt. Ebenso wurden die stellvertretenden Verbandsvorsitzenden Oberb\u00fcrgermeister Prof. Dr. Eckart W\u00fcrzner, Erster B\u00fcrgermeister J\u00fcrgen Odszuck und...\" \/>\n<meta property=\"og:url\" content=\"https:\/\/www.economypark.de\/wahl-der-verbandsspitze-und-wichtige-beschluesse-bei-der-verbandsversammlung-am-19-oktober\/\" \/>\n<meta property=\"og:site_name\" content=\"Economy Park\" \/>\n<meta property=\"article:published_time\" content=\"2025-11-26T09:21:49+00:00\" \/>\n<meta property=\"article:modified_time\" content=\"2025-11-26T09:45:09+00:00\" \/>\n<meta property=\"og:image\" content=\"https:\/\/www.economypark.de\/wp-content\/uploads\/2025\/11\/Ratssaal-e1763036534166.jpeg\" \/>\n\t<meta property=\"og:image:width\" content=\"1594\" \/>\n\t<meta property=\"og:image:height\" content=\"1027\" \/>\n\t<meta property=\"og:image:type\" content=\"image\/jpeg\" \/>\n<meta name=\"author\" content=\"Alena Gluth\" \/>\n<meta name=\"twitter:card\" content=\"summary_large_image\" \/>\n<meta name=\"twitter:label1\" content=\"Verfasst von\" \/>\n\t<meta name=\"twitter:data1\" content=\"Alena Gluth\" \/>\n\t<meta name=\"twitter:label2\" content=\"Gesch\u00e4tzte Lesezeit\" \/>\n\t<meta name=\"twitter:data2\" content=\"1\u00a0Minute\" \/>\n<script type=\"application\/ld+json\" class=\"yoast-schema-graph\">{\"@context\":\"https:\\\/\\\/schema.org\",\"@graph\":[{\"@type\":\"Article\",\"@id\":\"https:\\\/\\\/www.economypark.de\\\/wahl-der-verbandsspitze-und-wichtige-beschluesse-bei-der-verbandsversammlung-am-19-oktober\\\/#article\",\"isPartOf\":{\"@id\":\"https:\\\/\\\/www.economypark.de\\\/wahl-der-verbandsspitze-und-wichtige-beschluesse-bei-der-verbandsversammlung-am-19-oktober\\\/\"},\"author\":{\"name\":\"Alena Gluth\",\"@id\":\"https:\\\/\\\/www.economypark.de\\\/#\\\/schema\\\/person\\\/323d46312b16626177e83b7ffb4759d1\"},\"headline\":\"Wahl der Verbandsspitze und wichtige Beschl\u00fcsse bei der Verbandsversammlung am 19. November\",\"datePublished\":\"2025-11-26T09:21:49+00:00\",\"dateModified\":\"2025-11-26T09:45:09+00:00\",\"mainEntityOfPage\":{\"@id\":\"https:\\\/\\\/www.economypark.de\\\/wahl-der-verbandsspitze-und-wichtige-beschluesse-bei-der-verbandsversammlung-am-19-oktober\\\/\"},\"wordCount\":150,\"image\":{\"@id\":\"https:\\\/\\\/www.economypark.de\\\/wahl-der-verbandsspitze-und-wichtige-beschluesse-bei-der-verbandsversammlung-am-19-oktober\\\/#primaryimage\"},\"thumbnailUrl\":\"https:\\\/\\\/www.economypark.de\\\/wp-content\\\/uploads\\\/2025\\\/11\\\/Ratssaal-e1763036534166.jpeg\",\"articleSection\":[\"Aktuelles\"],\"inLanguage\":\"de\"},{\"@type\":\"WebPage\",\"@id\":\"https:\\\/\\\/www.economypark.de\\\/wahl-der-verbandsspitze-und-wichtige-beschluesse-bei-der-verbandsversammlung-am-19-oktober\\\/\",\"url\":\"https:\\\/\\\/www.economypark.de\\\/wahl-der-verbandsspitze-und-wichtige-beschluesse-bei-der-verbandsversammlung-am-19-oktober\\\/\",\"name\":\"Wahl der Verbandsspitze und wichtige Beschl\u00fcsse bei der Verbandsversammlung am 19. November - Economy Park\",\"isPartOf\":{\"@id\":\"https:\\\/\\\/www.economypark.de\\\/#website\"},\"primaryImageOfPage\":{\"@id\":\"https:\\\/\\\/www.economypark.de\\\/wahl-der-verbandsspitze-und-wichtige-beschluesse-bei-der-verbandsversammlung-am-19-oktober\\\/#primaryimage\"},\"image\":{\"@id\":\"https:\\\/\\\/www.economypark.de\\\/wahl-der-verbandsspitze-und-wichtige-beschluesse-bei-der-verbandsversammlung-am-19-oktober\\\/#primaryimage\"},\"thumbnailUrl\":\"https:\\\/\\\/www.economypark.de\\\/wp-content\\\/uploads\\\/2025\\\/11\\\/Ratssaal-e1763036534166.jpeg\",\"datePublished\":\"2025-11-26T09:21:49+00:00\",\"dateModified\":\"2025-11-26T09:45:09+00:00\",\"author\":{\"@id\":\"https:\\\/\\\/www.economypark.de\\\/#\\\/schema\\\/person\\\/323d46312b16626177e83b7ffb4759d1\"},\"breadcrumb\":{\"@id\":\"https:\\\/\\\/www.economypark.de\\\/wahl-der-verbandsspitze-und-wichtige-beschluesse-bei-der-verbandsversammlung-am-19-oktober\\\/#breadcrumb\"},\"inLanguage\":\"de\",\"potentialAction\":[{\"@type\":\"ReadAction\",\"target\":[\"https:\\\/\\\/www.economypark.de\\\/wahl-der-verbandsspitze-und-wichtige-beschluesse-bei-der-verbandsversammlung-am-19-oktober\\\/\"]}]},{\"@type\":\"ImageObject\",\"inLanguage\":\"de\",\"@id\":\"https:\\\/\\\/www.economypark.de\\\/wahl-der-verbandsspitze-und-wichtige-beschluesse-bei-der-verbandsversammlung-am-19-oktober\\\/#primaryimage\",\"url\":\"https:\\\/\\\/www.economypark.de\\\/wp-content\\\/uploads\\\/2025\\\/11\\\/Ratssaal-e1763036534166.jpeg\",\"contentUrl\":\"https:\\\/\\\/www.economypark.de\\\/wp-content\\\/uploads\\\/2025\\\/11\\\/Ratssaal-e1763036534166.jpeg\",\"width\":1594,\"height\":1027},{\"@type\":\"BreadcrumbList\",\"@id\":\"https:\\\/\\\/www.economypark.de\\\/wahl-der-verbandsspitze-und-wichtige-beschluesse-bei-der-verbandsversammlung-am-19-oktober\\\/#breadcrumb\",\"itemListElement\":[{\"@type\":\"ListItem\",\"position\":1,\"name\":\"Start\",\"item\":\"https:\\\/\\\/www.economypark.de\\\/\"},{\"@type\":\"ListItem\",\"position\":2,\"name\":\"Wahl der Verbandsspitze und wichtige Beschl\u00fcsse bei der Verbandsversammlung am 19. November\"}]},{\"@type\":\"WebSite\",\"@id\":\"https:\\\/\\\/www.economypark.de\\\/#website\",\"url\":\"https:\\\/\\\/www.economypark.de\\\/\",\"name\":\"Economy Park\",\"description\":\"Innovative &amp; nachhaltige Gewerbefl\u00e4chen in der Metropolregion Rhein-Neckar.\",\"potentialAction\":[{\"@type\":\"SearchAction\",\"target\":{\"@type\":\"EntryPoint\",\"urlTemplate\":\"https:\\\/\\\/www.economypark.de\\\/?s={search_term_string}\"},\"query-input\":{\"@type\":\"PropertyValueSpecification\",\"valueRequired\":true,\"valueName\":\"search_term_string\"}}],\"inLanguage\":\"de\"},{\"@type\":\"Person\",\"@id\":\"https:\\\/\\\/www.economypark.de\\\/#\\\/schema\\\/person\\\/323d46312b16626177e83b7ffb4759d1\",\"name\":\"Alena Gluth\",\"sameAs\":[\"http:\\\/\\\/www.economypark.de\"],\"url\":\"https:\\\/\\\/www.economypark.de\\\/author\\\/a-kaltenmaier\\\/\"}]}<\/script>\n<!-- \/ Yoast SEO plugin. -->","yoast_head_json":{"title":"Wahl der Verbandsspitze und wichtige Beschl\u00fcsse bei der Verbandsversammlung am 19. November - Economy Park","robots":{"index":"index","follow":"follow","max-snippet":"max-snippet:-1","max-image-preview":"max-image-preview:large","max-video-preview":"max-video-preview:-1"},"canonical":"https:\/\/www.economypark.de\/wahl-der-verbandsspitze-und-wichtige-beschluesse-bei-der-verbandsversammlung-am-19-oktober\/","og_locale":"de_DE","og_type":"article","og_title":"Wahl der Verbandsspitze und wichtige Beschl\u00fcsse bei der Verbandsversammlung am 19. November - Economy Park","og_description":"Die Verbandsversammlung des Economy Parks Heidelberg\u2013Leimen am 19. November 2025 stand im Zeichen richtungsweisender Entscheidungen f\u00fcr die weitere Entwicklung des Verbandsgebiets. Im Mittelpunkt stand die Wiederwahl der Verbandsspitze: Oberb\u00fcrgermeister John Ehret wurde einstimmig f\u00fcr weitere f\u00fcnf Jahre als Verbandsvorsitzender gew\u00e4hlt. Ebenso wurden die stellvertretenden Verbandsvorsitzenden Oberb\u00fcrgermeister Prof. Dr. Eckart W\u00fcrzner, Erster B\u00fcrgermeister J\u00fcrgen Odszuck und...","og_url":"https:\/\/www.economypark.de\/wahl-der-verbandsspitze-und-wichtige-beschluesse-bei-der-verbandsversammlung-am-19-oktober\/","og_site_name":"Economy Park","article_published_time":"2025-11-26T09:21:49+00:00","article_modified_time":"2025-11-26T09:45:09+00:00","og_image":[{"width":1594,"height":1027,"url":"https:\/\/www.economypark.de\/wp-content\/uploads\/2025\/11\/Ratssaal-e1763036534166.jpeg","type":"image\/jpeg"}],"author":"Alena Gluth","twitter_card":"summary_large_image","twitter_misc":{"Verfasst von":"Alena Gluth","Gesch\u00e4tzte Lesezeit":"1\u00a0Minute"},"schema":{"@context":"https:\/\/schema.org","@graph":[{"@type":"Article","@id":"https:\/\/www.economypark.de\/wahl-der-verbandsspitze-und-wichtige-beschluesse-bei-der-verbandsversammlung-am-19-oktober\/#article","isPartOf":{"@id":"https:\/\/www.economypark.de\/wahl-der-verbandsspitze-und-wichtige-beschluesse-bei-der-verbandsversammlung-am-19-oktober\/"},"author":{"name":"Alena Gluth","@id":"https:\/\/www.economypark.de\/#\/schema\/person\/323d46312b16626177e83b7ffb4759d1"},"headline":"Wahl der Verbandsspitze und wichtige Beschl\u00fcsse bei der Verbandsversammlung am 19. November","datePublished":"2025-11-26T09:21:49+00:00","dateModified":"2025-11-26T09:45:09+00:00","mainEntityOfPage":{"@id":"https:\/\/www.economypark.de\/wahl-der-verbandsspitze-und-wichtige-beschluesse-bei-der-verbandsversammlung-am-19-oktober\/"},"wordCount":150,"image":{"@id":"https:\/\/www.economypark.de\/wahl-der-verbandsspitze-und-wichtige-beschluesse-bei-der-verbandsversammlung-am-19-oktober\/#primaryimage"},"thumbnailUrl":"https:\/\/www.economypark.de\/wp-content\/uploads\/2025\/11\/Ratssaal-e1763036534166.jpeg","articleSection":["Aktuelles"],"inLanguage":"de"},{"@type":"WebPage","@id":"https:\/\/www.economypark.de\/wahl-der-verbandsspitze-und-wichtige-beschluesse-bei-der-verbandsversammlung-am-19-oktober\/","url":"https:\/\/www.economypark.de\/wahl-der-verbandsspitze-und-wichtige-beschluesse-bei-der-verbandsversammlung-am-19-oktober\/","name":"Wahl der Verbandsspitze und wichtige Beschl\u00fcsse bei der Verbandsversammlung am 19. November - Economy Park","isPartOf":{"@id":"https:\/\/www.economypark.de\/#website"},"primaryImageOfPage":{"@id":"https:\/\/www.economypark.de\/wahl-der-verbandsspitze-und-wichtige-beschluesse-bei-der-verbandsversammlung-am-19-oktober\/#primaryimage"},"image":{"@id":"https:\/\/www.economypark.de\/wahl-der-verbandsspitze-und-wichtige-beschluesse-bei-der-verbandsversammlung-am-19-oktober\/#primaryimage"},"thumbnailUrl":"https:\/\/www.economypark.de\/wp-content\/uploads\/2025\/11\/Ratssaal-e1763036534166.jpeg","datePublished":"2025-11-26T09:21:49+00:00","dateModified":"2025-11-26T09:45:09+00:00","author":{"@id":"https:\/\/www.economypark.de\/#\/schema\/person\/323d46312b16626177e83b7ffb4759d1"},"breadcrumb":{"@id":"https:\/\/www.economypark.de\/wahl-der-verbandsspitze-und-wichtige-beschluesse-bei-der-verbandsversammlung-am-19-oktober\/#breadcrumb"},"inLanguage":"de","potentialAction":[{"@type":"ReadAction","target":["https:\/\/www.economypark.de\/wahl-der-verbandsspitze-und-wichtige-beschluesse-bei-der-verbandsversammlung-am-19-oktober\/"]}]},{"@type":"ImageObject","inLanguage":"de","@id":"https:\/\/www.economypark.de\/wahl-der-verbandsspitze-und-wichtige-beschluesse-bei-der-verbandsversammlung-am-19-oktober\/#primaryimage","url":"https:\/\/www.economypark.de\/wp-content\/uploads\/2025\/11\/Ratssaal-e1763036534166.jpeg","contentUrl":"https:\/\/www.economypark.de\/wp-content\/uploads\/2025\/11\/Ratssaal-e1763036534166.jpeg","width":1594,"height":1027},{"@type":"BreadcrumbList","@id":"https:\/\/www.economypark.de\/wahl-der-verbandsspitze-und-wichtige-beschluesse-bei-der-verbandsversammlung-am-19-oktober\/#breadcrumb","itemListElement":[{"@type":"ListItem","position":1,"name":"Start","item":"https:\/\/www.economypark.de\/"},{"@type":"ListItem","position":2,"name":"Wahl der Verbandsspitze und wichtige Beschl\u00fcsse bei der Verbandsversammlung am 19. November"}]},{"@type":"WebSite","@id":"https:\/\/www.economypark.de\/#website","url":"https:\/\/www.economypark.de\/","name":"Economy Park","description":"Innovative &amp; nachhaltige Gewerbefl\u00e4chen in der Metropolregion Rhein-Neckar.","potentialAction":[{"@type":"SearchAction","target":{"@type":"EntryPoint","urlTemplate":"https:\/\/www.economypark.de\/?s={search_term_string}"},"query-input":{"@type":"PropertyValueSpecification","valueRequired":true,"valueName":"search_term_string"}}],"inLanguage":"de"},{"@type":"Person","@id":"https:\/\/www.economypark.de\/#\/schema\/person\/323d46312b16626177e83b7ffb4759d1","name":"Alena Gluth","sameAs":["http:\/\/www.economypark.de"],"url":"https:\/\/www.economypark.de\/author\/a-kaltenmaier\/"}]}},"_links":{"self":[{"href":"https:\/\/www.economypark.de\/ecopark-api\/wp\/v2\/posts\/1744","targetHints":{"allow":["GET"]}}],"collection":[{"href":"https:\/\/www.economypark.de\/ecopark-api\/wp\/v2\/posts"}],"about":[{"href":"https:\/\/www.economypark.de\/ecopark-api\/wp\/v2\/types\/post"}],"author":[{"embeddable":true,"href":"https:\/\/www.economypark.de\/ecopark-api\/wp\/v2\/users\/4"}],"replies":[{"embeddable":true,"href":"https:\/\/www.economypark.de\/ecopark-api\/wp\/v2\/comments?post=1744"}],"version-history":[{"count":4,"href":"https:\/\/www.economypark.de\/ecopark-api\/wp\/v2\/posts\/1744\/revisions"}],"predecessor-version":[{"id":1751,"href":"https:\/\/www.economypark.de\/ecopark-api\/wp\/v2\/posts\/1744\/revisions\/1751"}],"wp:featuredmedia":[{"embeddable":true,"href":"https:\/\/www.economypark.de\/ecopark-api\/wp\/v2\/media\/1696"}],"wp:attachment":[{"href":"https:\/\/www.economypark.de\/ecopark-api\/wp\/v2\/media?parent=1744"}],"wp:term":[{"taxonomy":"category","embeddable":true,"href":"https:\/\/www.economypark.de\/ecopark-api\/wp\/v2\/categories?post=1744"},{"taxonomy":"post_tag","embeddable":true,"href":"https:\/\/www.economypark.de\/ecopark-api\/wp\/v2\/tags?post=1744"}],"curies":[{"name":"wp","href":"https:\/\/api.w.org\/{rel}","templated":true}]}}