{"id":162,"date":"2023-07-10T10:29:54","date_gmt":"2023-07-10T08:29:54","guid":{"rendered":"https:\/\/www.economypark.de\/?p=162"},"modified":"2023-07-18T13:42:31","modified_gmt":"2023-07-18T11:42:31","slug":"das-logo-des-zweckverbandes","status":"publish","type":"post","link":"https:\/\/www.economypark.de\/das-logo-des-zweckverbandes\/","title":{"rendered":"Das Logo des Zweckverbandes \u2013 was steckt dahinter?"},"content":{"rendered":"\r\n<p>Bei der Entwicklung des Logos wurde im Rahmen des Marketingauftrittes des Zweckverbandes die Werbeagentur von den denkmalgesch\u00fctzten Shedd\u00e4chern der Eternithallen inspiriert. Als Alleinstellungsmerkmal des Zweckverbandsgebietes sollte dieses architektonische Gestaltungselement in das Logo des Zweckverbandes aufgenommen werden. Die Vertreterinnen und Vertreter der Verbandsversammlung des Zweckverbandes waren begeistert von dieser Idee &#8211; die Form der Shedd\u00e4cher pr\u00e4gt nun ma\u00dfgebend das Signet des Zweckverbandes.<\/p>\r\n<p>Zum Hintergrund: <br \/>Die denkmalgesch\u00fctzten Shedd\u00e4cher der ehemaligen Produktionsst\u00e4tte sowie dem Werkstatt- und Sozialgeb\u00e4ude der Firma Etex vom Architekten Ernst Neufert (1900-1986) wurden wegen ihrer Bedeutung als Kulturdenkmal der fr\u00fchen Nachkriegsmodernen ausgewiesen.\u00a0 <br \/>Aufgrund ihrer charakteristischen Gestaltung als \u201eikonische\u201c Architektur sind sie als noch einzige erhaltende Bauten von Neufert in Deutschland besonders sch\u00fctzenswert.<\/p>\r\n<p>N\u00e4here Informationen zum geschichtlichen Hintergrund k\u00f6nnen der <a href=\"https:\/\/www.neufert-stiftung.de\/de\" target=\"_blank\" rel=\"noopener\">Neufert-Stiftung<\/a> entnommen werden.<\/p>\r\n","protected":false},"excerpt":{"rendered":"<p>Bei der Entwicklung des Logos wurde im Rahmen des Marketingauftrittes des Zweckverbandes die Werbeagentur von den denkmalgesch\u00fctzten Shedd\u00e4chern der Eternithallen inspiriert.<\/p>\n","protected":false},"author":2,"featured_media":389,"comment_status":"closed","ping_status":"closed","sticky":false,"template":"","format":"standard","meta":{"_acf_changed":false,"footnotes":""},"categories":[12],"tags":[],"class_list":["post-162","post","type-post","status-publish","format-standard","has-post-thumbnail","hentry","category-aktuelles"],"acf":[],"yoast_head":"<!-- This site is optimized with the Yoast SEO plugin v27.4 - https:\/\/yoast.com\/product\/yoast-seo-wordpress\/ -->\n<title>Das Logo des Zweckverbandes \u2013 was steckt dahinter? - Economy Park<\/title>\n<meta name=\"robots\" content=\"index, follow, max-snippet:-1, max-image-preview:large, max-video-preview:-1\" \/>\n<link rel=\"canonical\" href=\"https:\/\/www.economypark.de\/das-logo-des-zweckverbandes\/\" \/>\n<meta property=\"og:locale\" content=\"de_DE\" \/>\n<meta property=\"og:type\" content=\"article\" \/>\n<meta property=\"og:title\" content=\"Das Logo des Zweckverbandes \u2013 was steckt dahinter? - Economy Park\" \/>\n<meta property=\"og:description\" content=\"Bei der Entwicklung des Logos wurde im Rahmen des Marketingauftrittes des Zweckverbandes die Werbeagentur von den denkmalgesch\u00fctzten Shedd\u00e4chern der Eternithallen inspiriert.\" \/>\n<meta property=\"og:url\" content=\"https:\/\/www.economypark.de\/das-logo-des-zweckverbandes\/\" \/>\n<meta property=\"og:site_name\" content=\"Economy Park\" \/>\n<meta property=\"article:published_time\" content=\"2023-07-10T08:29:54+00:00\" \/>\n<meta property=\"article:modified_time\" content=\"2023-07-18T11:42:31+00:00\" \/>\n<meta property=\"og:image\" content=\"https:\/\/www.economypark.de\/wp-content\/uploads\/2023\/07\/ECONOMY_PARK_HDL_SIGNET_BG.png\" \/>\n\t<meta property=\"og:image:width\" content=\"1440\" \/>\n\t<meta property=\"og:image:height\" content=\"788\" \/>\n\t<meta property=\"og:image:type\" content=\"image\/png\" \/>\n<meta name=\"author\" content=\"FWDesign\" \/>\n<meta name=\"twitter:card\" content=\"summary_large_image\" \/>\n<meta name=\"twitter:label1\" content=\"Verfasst von\" \/>\n\t<meta name=\"twitter:data1\" content=\"FWDesign\" \/>\n\t<meta name=\"twitter:label2\" content=\"Gesch\u00e4tzte Lesezeit\" \/>\n\t<meta name=\"twitter:data2\" content=\"1\u00a0Minute\" \/>\n<script type=\"application\/ld+json\" class=\"yoast-schema-graph\">{\"@context\":\"https:\\\/\\\/schema.org\",\"@graph\":[{\"@type\":\"Article\",\"@id\":\"https:\\\/\\\/www.economypark.de\\\/das-logo-des-zweckverbandes\\\/#article\",\"isPartOf\":{\"@id\":\"https:\\\/\\\/www.economypark.de\\\/das-logo-des-zweckverbandes\\\/\"},\"author\":{\"name\":\"FWDesign\",\"@id\":\"https:\\\/\\\/www.economypark.de\\\/#\\\/schema\\\/person\\\/63f2c58de086761147f744689ca71510\"},\"headline\":\"Das Logo des Zweckverbandes \u2013 was steckt dahinter?\",\"datePublished\":\"2023-07-10T08:29:54+00:00\",\"dateModified\":\"2023-07-18T11:42:31+00:00\",\"mainEntityOfPage\":{\"@id\":\"https:\\\/\\\/www.economypark.de\\\/das-logo-des-zweckverbandes\\\/\"},\"wordCount\":142,\"image\":{\"@id\":\"https:\\\/\\\/www.economypark.de\\\/das-logo-des-zweckverbandes\\\/#primaryimage\"},\"thumbnailUrl\":\"https:\\\/\\\/www.economypark.de\\\/wp-content\\\/uploads\\\/2023\\\/07\\\/ECONOMY_PARK_HDL_SIGNET_BG.png\",\"articleSection\":[\"Aktuelles\"],\"inLanguage\":\"de\"},{\"@type\":\"WebPage\",\"@id\":\"https:\\\/\\\/www.economypark.de\\\/das-logo-des-zweckverbandes\\\/\",\"url\":\"https:\\\/\\\/www.economypark.de\\\/das-logo-des-zweckverbandes\\\/\",\"name\":\"Das Logo des Zweckverbandes \u2013 was steckt dahinter? - Economy Park\",\"isPartOf\":{\"@id\":\"https:\\\/\\\/www.economypark.de\\\/#website\"},\"primaryImageOfPage\":{\"@id\":\"https:\\\/\\\/www.economypark.de\\\/das-logo-des-zweckverbandes\\\/#primaryimage\"},\"image\":{\"@id\":\"https:\\\/\\\/www.economypark.de\\\/das-logo-des-zweckverbandes\\\/#primaryimage\"},\"thumbnailUrl\":\"https:\\\/\\\/www.economypark.de\\\/wp-content\\\/uploads\\\/2023\\\/07\\\/ECONOMY_PARK_HDL_SIGNET_BG.png\",\"datePublished\":\"2023-07-10T08:29:54+00:00\",\"dateModified\":\"2023-07-18T11:42:31+00:00\",\"author\":{\"@id\":\"https:\\\/\\\/www.economypark.de\\\/#\\\/schema\\\/person\\\/63f2c58de086761147f744689ca71510\"},\"breadcrumb\":{\"@id\":\"https:\\\/\\\/www.economypark.de\\\/das-logo-des-zweckverbandes\\\/#breadcrumb\"},\"inLanguage\":\"de\",\"potentialAction\":[{\"@type\":\"ReadAction\",\"target\":[\"https:\\\/\\\/www.economypark.de\\\/das-logo-des-zweckverbandes\\\/\"]}]},{\"@type\":\"ImageObject\",\"inLanguage\":\"de\",\"@id\":\"https:\\\/\\\/www.economypark.de\\\/das-logo-des-zweckverbandes\\\/#primaryimage\",\"url\":\"https:\\\/\\\/www.economypark.de\\\/wp-content\\\/uploads\\\/2023\\\/07\\\/ECONOMY_PARK_HDL_SIGNET_BG.png\",\"contentUrl\":\"https:\\\/\\\/www.economypark.de\\\/wp-content\\\/uploads\\\/2023\\\/07\\\/ECONOMY_PARK_HDL_SIGNET_BG.png\",\"width\":1440,\"height\":788},{\"@type\":\"BreadcrumbList\",\"@id\":\"https:\\\/\\\/www.economypark.de\\\/das-logo-des-zweckverbandes\\\/#breadcrumb\",\"itemListElement\":[{\"@type\":\"ListItem\",\"position\":1,\"name\":\"Start\",\"item\":\"https:\\\/\\\/www.economypark.de\\\/\"},{\"@type\":\"ListItem\",\"position\":2,\"name\":\"Das Logo des Zweckverbandes \u2013 was steckt dahinter?\"}]},{\"@type\":\"WebSite\",\"@id\":\"https:\\\/\\\/www.economypark.de\\\/#website\",\"url\":\"https:\\\/\\\/www.economypark.de\\\/\",\"name\":\"Economy Park\",\"description\":\"Innovative &amp; nachhaltige Gewerbefl\u00e4chen in der Metropolregion Rhein-Neckar.\",\"potentialAction\":[{\"@type\":\"SearchAction\",\"target\":{\"@type\":\"EntryPoint\",\"urlTemplate\":\"https:\\\/\\\/www.economypark.de\\\/?s={search_term_string}\"},\"query-input\":{\"@type\":\"PropertyValueSpecification\",\"valueRequired\":true,\"valueName\":\"search_term_string\"}}],\"inLanguage\":\"de\"},{\"@type\":\"Person\",\"@id\":\"https:\\\/\\\/www.economypark.de\\\/#\\\/schema\\\/person\\\/63f2c58de086761147f744689ca71510\",\"name\":\"FWDesign\",\"url\":\"https:\\\/\\\/www.economypark.de\\\/author\\\/fwdesign\\\/\"}]}<\/script>\n<!-- \/ Yoast SEO plugin. -->","yoast_head_json":{"title":"Das Logo des Zweckverbandes \u2013 was steckt dahinter? - Economy Park","robots":{"index":"index","follow":"follow","max-snippet":"max-snippet:-1","max-image-preview":"max-image-preview:large","max-video-preview":"max-video-preview:-1"},"canonical":"https:\/\/www.economypark.de\/das-logo-des-zweckverbandes\/","og_locale":"de_DE","og_type":"article","og_title":"Das Logo des Zweckverbandes \u2013 was steckt dahinter? - Economy Park","og_description":"Bei der Entwicklung des Logos wurde im Rahmen des Marketingauftrittes des Zweckverbandes die Werbeagentur von den denkmalgesch\u00fctzten Shedd\u00e4chern der Eternithallen inspiriert.","og_url":"https:\/\/www.economypark.de\/das-logo-des-zweckverbandes\/","og_site_name":"Economy Park","article_published_time":"2023-07-10T08:29:54+00:00","article_modified_time":"2023-07-18T11:42:31+00:00","og_image":[{"width":1440,"height":788,"url":"https:\/\/www.economypark.de\/wp-content\/uploads\/2023\/07\/ECONOMY_PARK_HDL_SIGNET_BG.png","type":"image\/png"}],"author":"FWDesign","twitter_card":"summary_large_image","twitter_misc":{"Verfasst von":"FWDesign","Gesch\u00e4tzte Lesezeit":"1\u00a0Minute"},"schema":{"@context":"https:\/\/schema.org","@graph":[{"@type":"Article","@id":"https:\/\/www.economypark.de\/das-logo-des-zweckverbandes\/#article","isPartOf":{"@id":"https:\/\/www.economypark.de\/das-logo-des-zweckverbandes\/"},"author":{"name":"FWDesign","@id":"https:\/\/www.economypark.de\/#\/schema\/person\/63f2c58de086761147f744689ca71510"},"headline":"Das Logo des Zweckverbandes \u2013 was steckt dahinter?","datePublished":"2023-07-10T08:29:54+00:00","dateModified":"2023-07-18T11:42:31+00:00","mainEntityOfPage":{"@id":"https:\/\/www.economypark.de\/das-logo-des-zweckverbandes\/"},"wordCount":142,"image":{"@id":"https:\/\/www.economypark.de\/das-logo-des-zweckverbandes\/#primaryimage"},"thumbnailUrl":"https:\/\/www.economypark.de\/wp-content\/uploads\/2023\/07\/ECONOMY_PARK_HDL_SIGNET_BG.png","articleSection":["Aktuelles"],"inLanguage":"de"},{"@type":"WebPage","@id":"https:\/\/www.economypark.de\/das-logo-des-zweckverbandes\/","url":"https:\/\/www.economypark.de\/das-logo-des-zweckverbandes\/","name":"Das Logo des Zweckverbandes \u2013 was steckt dahinter? - Economy Park","isPartOf":{"@id":"https:\/\/www.economypark.de\/#website"},"primaryImageOfPage":{"@id":"https:\/\/www.economypark.de\/das-logo-des-zweckverbandes\/#primaryimage"},"image":{"@id":"https:\/\/www.economypark.de\/das-logo-des-zweckverbandes\/#primaryimage"},"thumbnailUrl":"https:\/\/www.economypark.de\/wp-content\/uploads\/2023\/07\/ECONOMY_PARK_HDL_SIGNET_BG.png","datePublished":"2023-07-10T08:29:54+00:00","dateModified":"2023-07-18T11:42:31+00:00","author":{"@id":"https:\/\/www.economypark.de\/#\/schema\/person\/63f2c58de086761147f744689ca71510"},"breadcrumb":{"@id":"https:\/\/www.economypark.de\/das-logo-des-zweckverbandes\/#breadcrumb"},"inLanguage":"de","potentialAction":[{"@type":"ReadAction","target":["https:\/\/www.economypark.de\/das-logo-des-zweckverbandes\/"]}]},{"@type":"ImageObject","inLanguage":"de","@id":"https:\/\/www.economypark.de\/das-logo-des-zweckverbandes\/#primaryimage","url":"https:\/\/www.economypark.de\/wp-content\/uploads\/2023\/07\/ECONOMY_PARK_HDL_SIGNET_BG.png","contentUrl":"https:\/\/www.economypark.de\/wp-content\/uploads\/2023\/07\/ECONOMY_PARK_HDL_SIGNET_BG.png","width":1440,"height":788},{"@type":"BreadcrumbList","@id":"https:\/\/www.economypark.de\/das-logo-des-zweckverbandes\/#breadcrumb","itemListElement":[{"@type":"ListItem","position":1,"name":"Start","item":"https:\/\/www.economypark.de\/"},{"@type":"ListItem","position":2,"name":"Das Logo des Zweckverbandes \u2013 was steckt dahinter?"}]},{"@type":"WebSite","@id":"https:\/\/www.economypark.de\/#website","url":"https:\/\/www.economypark.de\/","name":"Economy Park","description":"Innovative &amp; nachhaltige Gewerbefl\u00e4chen in der Metropolregion Rhein-Neckar.","potentialAction":[{"@type":"SearchAction","target":{"@type":"EntryPoint","urlTemplate":"https:\/\/www.economypark.de\/?s={search_term_string}"},"query-input":{"@type":"PropertyValueSpecification","valueRequired":true,"valueName":"search_term_string"}}],"inLanguage":"de"},{"@type":"Person","@id":"https:\/\/www.economypark.de\/#\/schema\/person\/63f2c58de086761147f744689ca71510","name":"FWDesign","url":"https:\/\/www.economypark.de\/author\/fwdesign\/"}]}},"_links":{"self":[{"href":"https:\/\/www.economypark.de\/ecopark-api\/wp\/v2\/posts\/162","targetHints":{"allow":["GET"]}}],"collection":[{"href":"https:\/\/www.economypark.de\/ecopark-api\/wp\/v2\/posts"}],"about":[{"href":"https:\/\/www.economypark.de\/ecopark-api\/wp\/v2\/types\/post"}],"author":[{"embeddable":true,"href":"https:\/\/www.economypark.de\/ecopark-api\/wp\/v2\/users\/2"}],"replies":[{"embeddable":true,"href":"https:\/\/www.economypark.de\/ecopark-api\/wp\/v2\/comments?post=162"}],"version-history":[{"count":10,"href":"https:\/\/www.economypark.de\/ecopark-api\/wp\/v2\/posts\/162\/revisions"}],"predecessor-version":[{"id":417,"href":"https:\/\/www.economypark.de\/ecopark-api\/wp\/v2\/posts\/162\/revisions\/417"}],"wp:featuredmedia":[{"embeddable":true,"href":"https:\/\/www.economypark.de\/ecopark-api\/wp\/v2\/media\/389"}],"wp:attachment":[{"href":"https:\/\/www.economypark.de\/ecopark-api\/wp\/v2\/media?parent=162"}],"wp:term":[{"taxonomy":"category","embeddable":true,"href":"https:\/\/www.economypark.de\/ecopark-api\/wp\/v2\/categories?post=162"},{"taxonomy":"post_tag","embeddable":true,"href":"https:\/\/www.economypark.de\/ecopark-api\/wp\/v2\/tags?post=162"}],"curies":[{"name":"wp","href":"https:\/\/api.w.org\/{rel}","templated":true}]}}