{"id":1217,"date":"2024-12-18T08:00:04","date_gmt":"2024-12-18T07:00:04","guid":{"rendered":"https:\/\/www.economypark.de\/?p=1217"},"modified":"2024-12-20T10:18:30","modified_gmt":"2024-12-20T09:18:30","slug":"oeffentliche-bekanntmachung-der-haushaltssatzung-2025-2","status":"publish","type":"post","link":"https:\/\/www.economypark.de\/en\/oeffentliche-bekanntmachung-der-haushaltssatzung-2025-2\/","title":{"rendered":"\u00d6ffentliche Bekanntmachung der Haushaltssatzung 2025"},"content":{"rendered":"<p style=\"text-align: center;\"><strong>H a u s h a l t s s a t z u n g\u00a0\u00a0\u00a0 2 0 2 5<\/strong><\/p>\n<p>Aufgrund von \u00a7 18 GKZ Baden-W\u00fcrttemberg in der Fassung vom 16. September 1974, zuletzt ge\u00e4ndert am 17. Juni 2020, in Verbindung mit \u00a7 79 der Gemeindeordnung f\u00fcr Baden-W\u00fcrttemberg in der Fassung der Bekanntmachung vom 24. Juli 2000 (GBl. S. 582, berichtigt S. 698), zuletzt ge\u00e4ndert durch Artikel 2 des Gesetzes vom 10. Dezember 2020 (GBl. S. 1095, 1098) hat die Verbandsversammlung am 26. November 2024 die folgende Haushaltssatzung f\u00fcr das Haushaltsjahr 2025 beschlossen:<\/p>\n<table width=\"100%\">\n<tbody>\n<tr>\n<td width=\"6%\"><\/td>\n<td colspan=\"2\" width=\"76%\"><\/td>\n<td colspan=\"2\" width=\"17%\">\n<p style=\"text-align: center;\"><strong>2025<\/strong><\/p>\n<\/td>\n<\/tr>\n<tr>\n<td colspan=\"3\" width=\"82%\">Der Haushaltsplan wird festgesetzt<\/td>\n<td width=\"15%\">\n<p style=\"text-align: center;\">Euro<\/p>\n<\/td>\n<td width=\"1%\"><\/td>\n<\/tr>\n<tr>\n<td colspan=\"2\" width=\"7%\"><\/td>\n<td width=\"75%\"><\/td>\n<td width=\"15%\"><\/td>\n<td width=\"1%\"><\/td>\n<\/tr>\n<tr>\n<td colspan=\"2\" width=\"7%\"><strong>1.<\/strong><\/td>\n<td width=\"75%\"><strong>im Ergebnishaushalt mit den folgenden Betr\u00e4gen<\/strong><\/td>\n<td width=\"15%\"><\/td>\n<td width=\"1%\"><\/td>\n<\/tr>\n<tr>\n<td colspan=\"2\" width=\"7%\">1.1<\/td>\n<td width=\"75%\">Gesamtbetrag der ordentlichen Ertr\u00e4ge von<\/td>\n<td width=\"15%\">\n<p style=\"text-align: center;\">1.187.000<\/p>\n<\/td>\n<td width=\"1%\"><\/td>\n<\/tr>\n<tr>\n<td colspan=\"2\" width=\"7%\">1.2<\/td>\n<td width=\"75%\">Gesamtbetrag der ordentlichen Aufwendungen von<\/td>\n<td width=\"15%\">\n<p style=\"text-align: center;\">1.187.000<\/p>\n<\/td>\n<td width=\"1%\"><\/td>\n<\/tr>\n<tr>\n<td colspan=\"2\" width=\"7%\"><strong>1.3<\/strong><\/td>\n<td width=\"75%\"><strong>Veranschlagtes ordentliches Ergebnis von<\/strong><\/td>\n<td width=\"15%\">\n<p style=\"text-align: center;\"><strong>0<\/strong><\/p>\n<\/td>\n<td width=\"1%\"><\/td>\n<\/tr>\n<tr>\n<td colspan=\"2\" width=\"7%\"><\/td>\n<td width=\"75%\"><\/td>\n<td width=\"15%\"><\/td>\n<td width=\"1%\"><\/td>\n<\/tr>\n<tr>\n<td colspan=\"2\" width=\"7%\">1.4<\/td>\n<td width=\"75%\">Gesamtbetrag der au\u00dferordentlichen Ertr\u00e4ge von<\/td>\n<td width=\"15%\">\n<p style=\"text-align: center;\">0<\/p>\n<\/td>\n<td width=\"1%\"><\/td>\n<\/tr>\n<tr>\n<td colspan=\"2\" width=\"7%\">1.5<\/td>\n<td width=\"75%\">Gesamtbetrag der au\u00dferordentlichen Aufwendungen von<\/td>\n<td width=\"15%\">\n<p style=\"text-align: center;\">0<\/p>\n<\/td>\n<td width=\"1%\"><\/td>\n<\/tr>\n<tr>\n<td colspan=\"2\" width=\"7%\"><strong>1.6<\/strong><\/td>\n<td width=\"75%\"><strong>Veranschlagtes Sonderergebnis von<\/strong><\/td>\n<td width=\"15%\">\n<p style=\"text-align: center;\"><strong>0<\/strong><\/p>\n<\/td>\n<td width=\"1%\"><\/td>\n<\/tr>\n<tr>\n<td colspan=\"2\" width=\"7%\"><\/td>\n<td width=\"75%\"><\/td>\n<td width=\"15%\"><\/td>\n<td width=\"1%\"><\/td>\n<\/tr>\n<tr>\n<td colspan=\"2\" width=\"7%\"><strong>1.7<\/strong><\/td>\n<td width=\"75%\"><strong>Veranschlagtes Gesamtergebnis von<\/strong><\/td>\n<td width=\"15%\">\n<p style=\"text-align: center;\"><strong>0<\/strong><\/p>\n<\/td>\n<td width=\"1%\"><\/td>\n<\/tr>\n<tr>\n<td colspan=\"2\" width=\"7%\"><\/td>\n<td width=\"75%\"><\/td>\n<td width=\"15%\"><\/td>\n<td width=\"1%\"><\/td>\n<\/tr>\n<tr>\n<td colspan=\"2\" width=\"7%\"><strong>2.<\/strong><\/td>\n<td width=\"75%\"><strong>im Finanzhaushalt mit den folgenden Betr\u00e4gen<\/strong><\/td>\n<td width=\"15%\"><\/td>\n<td width=\"1%\"><\/td>\n<\/tr>\n<tr>\n<td colspan=\"2\" width=\"7%\">2.1<\/td>\n<td width=\"75%\">Gesamtbetrag der Einzahlungen aus laufender Verwaltungst\u00e4tigkeit von<\/td>\n<td width=\"15%\">\n<p style=\"text-align: center;\">0<\/p>\n<\/td>\n<td width=\"1%\"><\/td>\n<\/tr>\n<tr>\n<td colspan=\"2\" width=\"7%\">2.2<\/td>\n<td width=\"75%\">Gesamtbetrag der Auszahlungen aus laufender Verwaltungst\u00e4tigkeit von<\/td>\n<td width=\"15%\">\n<p style=\"text-align: center;\">0<\/p>\n<\/td>\n<td width=\"1%\"><\/td>\n<\/tr>\n<tr>\n<td colspan=\"2\" width=\"7%\"><strong>2.3<\/strong><\/td>\n<td width=\"75%\"><strong>Zahlungsmittel\u00fcberschuss des Ergebnishaushalts von<\/strong><\/td>\n<td width=\"15%\">\n<p style=\"text-align: center;\"><strong>0<\/strong><\/p>\n<\/td>\n<td width=\"1%\"><\/td>\n<\/tr>\n<tr>\n<td colspan=\"2\" width=\"7%\"><\/td>\n<td width=\"75%\"><\/td>\n<td width=\"15%\"><\/td>\n<td width=\"1%\"><\/td>\n<\/tr>\n<tr>\n<td colspan=\"2\" width=\"7%\">2.4<\/td>\n<td width=\"75%\">Gesamtbetrag der Einzahlungen aus Investitionst\u00e4tigkeit von<\/td>\n<td width=\"15%\">\n<p style=\"text-align: center;\">500.000<\/p>\n<\/td>\n<td width=\"1%\"><\/td>\n<\/tr>\n<tr>\n<td colspan=\"2\" width=\"7%\">2.5<\/td>\n<td width=\"75%\">Gesamtbetrag der Auszahlungen aus Investitionst\u00e4tigkeit von<\/td>\n<td width=\"15%\">\n<p style=\"text-align: center;\">500.000<\/p>\n<\/td>\n<td width=\"1%\"><\/td>\n<\/tr>\n<tr>\n<td colspan=\"2\" width=\"7%\"><strong>2.6<\/strong><\/td>\n<td width=\"75%\"><strong>Veranschlagter Finanzierungsmittelbedarf aus<br \/>\nInvestitionst\u00e4tigkeit von<\/strong><\/td>\n<td width=\"15%\">\n<p style=\"text-align: center;\"><strong>0<\/strong><\/p>\n<\/td>\n<td width=\"1%\"><\/td>\n<\/tr>\n<tr>\n<td colspan=\"2\" width=\"7%\"><\/td>\n<td width=\"75%\"><\/td>\n<td width=\"15%\"><\/td>\n<td width=\"1%\"><\/td>\n<\/tr>\n<tr>\n<td colspan=\"2\" width=\"7%\"><strong>2.7<\/strong><\/td>\n<td width=\"75%\"><strong>Veranschlagter Finanzierungsmittelbedarf von<\/strong><\/td>\n<td width=\"15%\">\n<p style=\"text-align: center;\"><strong>0<\/strong><\/p>\n<\/td>\n<td width=\"1%\"><\/td>\n<\/tr>\n<\/tbody>\n<\/table>\n<p>&nbsp;<\/p>\n<table width=\"100%\">\n<tbody>\n<tr>\n<td colspan=\"2\" width=\"7%\"><\/td>\n<td width=\"76%\"><\/td>\n<td width=\"15%\">\n<p style=\"text-align: center;\"><strong>2025<\/strong><\/p>\n<\/td>\n<\/tr>\n<tr>\n<td colspan=\"2\" width=\"7%\">2.8<\/td>\n<td width=\"76%\">Gesamtbetrag der Einzahlungen aus Finanzierungst\u00e4tigkeit von<\/td>\n<td width=\"15%\">\n<p style=\"text-align: center;\">0<\/p>\n<\/td>\n<\/tr>\n<tr>\n<td colspan=\"2\" width=\"7%\">2.9<\/td>\n<td width=\"76%\">Gesamtbetrag der Auszahlungen aus Finanzierungst\u00e4tigkeit von<\/td>\n<td width=\"15%\">\n<p style=\"text-align: center;\">0<\/p>\n<\/td>\n<\/tr>\n<tr>\n<td colspan=\"2\" width=\"7%\"><strong>2.10<\/strong><\/td>\n<td width=\"76%\"><strong>Veranschlagter Finanzierungsmittel\u00fcberschuss aus<\/strong><\/p>\n<p><strong>Finanzierungst\u00e4tigkeit von<\/strong><\/td>\n<td width=\"15%\">\n<p style=\"text-align: center;\"><strong>0<\/strong><\/p>\n<\/td>\n<\/tr>\n<tr>\n<td colspan=\"2\" width=\"7%\"><strong>\u00a0<\/strong><\/td>\n<td width=\"76%\"><strong>\u00a0<\/strong><\/td>\n<td width=\"15%\"><strong>\u00a0<\/strong><\/td>\n<\/tr>\n<tr>\n<td colspan=\"2\" width=\"7%\"><strong>2.11<\/strong><\/td>\n<td width=\"76%\"><strong>Veranschlagte \u00c4nderung des Finanzierungsmittelbestandes,<\/strong><\/p>\n<p><strong>Saldo des Finanzhaushalts von<\/strong><\/td>\n<td width=\"15%\">\n<p style=\"text-align: center;\"><strong>0<\/strong><\/p>\n<\/td>\n<\/tr>\n<tr>\n<td colspan=\"2\" width=\"7%\"><\/td>\n<td width=\"76%\"><\/td>\n<td width=\"15%\"><\/td>\n<\/tr>\n<tr>\n<td colspan=\"2\" width=\"7%\"><strong>3.<\/strong><\/td>\n<td width=\"76%\"><strong>mit dem Gesamtbetrag der vorgesehenen Kreditaufnahmen<\/strong><\/p>\n<p><strong>f\u00fcr Investitionen und Investitionsf\u00f6rderungsma\u00dfnahmen<br \/>\n(Krediterm\u00e4chtigung) von<\/strong><\/td>\n<td width=\"15%\">\n<p style=\"text-align: center;\"><strong>0<\/strong><\/p>\n<\/td>\n<\/tr>\n<tr>\n<td colspan=\"2\" width=\"7%\"><\/td>\n<td width=\"76%\"><\/td>\n<td width=\"15%\"><\/td>\n<\/tr>\n<tr>\n<td colspan=\"2\" width=\"7%\"><strong>4.<\/strong><\/td>\n<td width=\"76%\"><strong>mit dem Gesamtbetrag der Verpflichtungserm\u00e4chtigungen von<\/strong><\/td>\n<td width=\"15%\"><strong>\u00a0<\/strong><\/td>\n<\/tr>\n<tr>\n<td colspan=\"2\" width=\"7%\"><\/td>\n<td width=\"76%\">Nicht in Anspruch genommene Verpflichtungserm\u00e4chtigungen aus 2025 gelten weiter bis zum Erlass der Haushaltssatzung f\u00fcr 2027.<\/td>\n<td width=\"15%\">\n<p style=\"text-align: center;\"><strong>0<\/strong><\/p>\n<\/td>\n<\/tr>\n<tr>\n<td colspan=\"2\" width=\"7%\"><\/td>\n<td width=\"76%\"><\/td>\n<td width=\"15%\"><\/td>\n<\/tr>\n<tr>\n<td colspan=\"3\" width=\"84%\"><strong>Der H\u00f6chstbetrag der Kassenkredite wird festgesetzt auf<\/strong><\/td>\n<td width=\"15%\">\n<p style=\"text-align: center;\"><strong>25.000<\/strong><\/p>\n<\/td>\n<\/tr>\n<tr>\n<td width=\"4%\"><\/td>\n<td colspan=\"2\" width=\"79%\"><\/td>\n<td width=\"15%\"><\/td>\n<\/tr>\n<tr>\n<td colspan=\"3\" width=\"84%\"><strong>Die Verwaltungs- und Betriebskostenumlage wird festgesetzt auf<\/strong><\/td>\n<td width=\"15%\">\n<p style=\"text-align: center;\"><strong>930.000<\/strong><\/p>\n<\/td>\n<\/tr>\n<tr>\n<td colspan=\"3\" width=\"84%\"><strong>Die Finanzumlage wird festgesetzt auf<\/strong><\/td>\n<td width=\"15%\">\n<p style=\"text-align: center;\"><strong>300.000<\/strong><\/p>\n<\/td>\n<\/tr>\n<\/tbody>\n<\/table>\n<p style=\"text-align: left;\">Leimen, den 26. November 2024<\/p>\n<p style=\"text-align: right;\">__________________<br \/>\ngez. John Ehret<br \/>\nVerbandsvorsitzender<\/p>\n<p>\u201eDas Regierungspr\u00e4sidium Karlsruhe hat mit Schreiben vom 09. Dezember 2024 die Gesetzm\u00e4\u00dfigkeit der von der Verbandsversammlung am 26. November 2024 beschlossenen Haushaltssatzung des Zweckverbandes \u201eInterkommunales Gewerbe- und Industriegebiet Heidelberg \u2013 Leimen\u201c f\u00fcr das Haushaltsjahr 2025 best\u00e4tigt.<\/p>\n<p>Die Haushaltssatzung enth\u00e4lt keine genehmigungspflichtigen Teile.<\/p>\n<p>Haushaltssatzung und Haushaltsplan liegen in der Zeit vom <strong>19. Dezember 2024 bis einschlie\u00dflich 03. Januar 2025<\/strong> in der Gesch\u00e4ftsstelle des Zweckverbandes, Bgm.-Weidemaier-Str. 35, 69181 Leimen, Montag bis Freitag zwischen 8.30 Uhr und 16.30 Uhr nach vorheriger Terminvereinbarung unter der Telefonnummer 06221\/58-10152 zur Einsichtnahme offen.<\/p>\n<p>Eine etwaige Verletzung von Verfahrens- oder Formvorschriften der Gemeindeordnung f\u00fcr Baden-W\u00fcrttemberg (GemO) oder von aufgrund der GemO erlassener Verfahrens- und Formvorschriften beim Zustandekommen dieser Satzung ist nach \u00a7 4 Abs. 4 der GemO unbeachtlich, wenn sie nicht schriftlich oder elektronisch und unter Bezeichnung des Sachverhalts, der die Verletzung begr\u00fcnden soll, innerhalb eines Jahres seit dieser Bekanntmachung beim Zweckverband \u201eInterkommunales Gewerbe- und Industriegebiet Heidelberg-Leimen\u201c geltend gemacht worden ist. Wer die Jahresfrist verstreichen l\u00e4sst, ohne t\u00e4tig zu werden, kann eine etwaige Verletzung gleichwohl auch sp\u00e4ter geltend machen, wenn<\/p>\n<ul>\n<li>die Vorschriften \u00fcber die \u00d6ffentlichkeit der Sitzung, die Genehmigung oder die Bekanntmachung verletzt worden sind oder<\/li>\n<li>der Verbandsvorsitzende dem Beschluss nach \u00a7 43 GemO wegen Gesetzwidrigkeit widersprochen hat oder<\/li>\n<li>vor Ablauf der Jahresfrist die Rechtsaufsichtsbeh\u00f6rde den Beschluss beanstandet oder eine dritte Person die Verletzung ger\u00fcgt hat.\u201c<\/li>\n<\/ul>\n","protected":false},"excerpt":{"rendered":"<p>H a u s h a l t s s a t z u n g\u00a0\u00a0\u00a0 2 0 2 5 Aufgrund von \u00a7 18 GKZ Baden-W\u00fcrttemberg in der Fassung vom 16. September 1974, zuletzt ge\u00e4ndert am 17. Juni 2020, in Verbindung mit \u00a7 79 der Gemeindeordnung f\u00fcr Baden-W\u00fcrttemberg in der Fassung der Bekanntmachung vom 24&#8230;.<\/p>\n","protected":false},"author":3,"featured_media":0,"comment_status":"closed","ping_status":"closed","sticky":false,"template":"","format":"standard","meta":{"_acf_changed":false,"footnotes":""},"categories":[7],"tags":[],"class_list":["post-1217","post","type-post","status-publish","format-standard","hentry","category-nicht-kategorisiert-en"],"acf":[],"yoast_head":"<!-- This site is optimized with the Yoast SEO plugin v27.4 - https:\/\/yoast.com\/product\/yoast-seo-wordpress\/ -->\n<title>\u00d6ffentliche Bekanntmachung der Haushaltssatzung 2025 - Economy Park<\/title>\n<meta name=\"robots\" content=\"index, follow, max-snippet:-1, max-image-preview:large, max-video-preview:-1\" \/>\n<link rel=\"canonical\" href=\"https:\/\/www.economypark.de\/en\/oeffentliche-bekanntmachung-der-haushaltssatzung-2025-2\/\" \/>\n<meta property=\"og:locale\" content=\"de_DE\" \/>\n<meta property=\"og:type\" content=\"article\" \/>\n<meta property=\"og:title\" content=\"\u00d6ffentliche Bekanntmachung der Haushaltssatzung 2025 - Economy Park\" \/>\n<meta property=\"og:description\" content=\"H a u s h a l t s s a t z u n g\u00a0\u00a0\u00a0 2 0 2 5 Aufgrund von \u00a7 18 GKZ Baden-W\u00fcrttemberg in der Fassung vom 16. September 1974, zuletzt ge\u00e4ndert am 17. Juni 2020, in Verbindung mit \u00a7 79 der Gemeindeordnung f\u00fcr Baden-W\u00fcrttemberg in der Fassung der Bekanntmachung vom 24....\" \/>\n<meta property=\"og:url\" content=\"https:\/\/www.economypark.de\/en\/oeffentliche-bekanntmachung-der-haushaltssatzung-2025-2\/\" \/>\n<meta property=\"og:site_name\" content=\"Economy Park\" \/>\n<meta property=\"article:published_time\" content=\"2024-12-18T07:00:04+00:00\" \/>\n<meta property=\"article:modified_time\" content=\"2024-12-20T09:18:30+00:00\" \/>\n<meta name=\"author\" content=\"r.radde\" \/>\n<meta name=\"twitter:card\" content=\"summary_large_image\" \/>\n<meta name=\"twitter:label1\" content=\"Verfasst von\" \/>\n\t<meta name=\"twitter:data1\" content=\"r.radde\" \/>\n\t<meta name=\"twitter:label2\" content=\"Gesch\u00e4tzte Lesezeit\" \/>\n\t<meta name=\"twitter:data2\" content=\"2\u00a0Minuten\" \/>\n<script type=\"application\/ld+json\" class=\"yoast-schema-graph\">{\"@context\":\"https:\\\/\\\/schema.org\",\"@graph\":[{\"@type\":\"Article\",\"@id\":\"https:\\\/\\\/www.economypark.de\\\/en\\\/oeffentliche-bekanntmachung-der-haushaltssatzung-2025-2\\\/#article\",\"isPartOf\":{\"@id\":\"https:\\\/\\\/www.economypark.de\\\/en\\\/oeffentliche-bekanntmachung-der-haushaltssatzung-2025-2\\\/\"},\"author\":{\"name\":\"r.radde\",\"@id\":\"https:\\\/\\\/www.economypark.de\\\/#\\\/schema\\\/person\\\/ddd5faeff96e604d6b416ecbe3e96221\"},\"headline\":\"\u00d6ffentliche Bekanntmachung der Haushaltssatzung 2025\",\"datePublished\":\"2024-12-18T07:00:04+00:00\",\"dateModified\":\"2024-12-20T09:18:30+00:00\",\"mainEntityOfPage\":{\"@id\":\"https:\\\/\\\/www.economypark.de\\\/en\\\/oeffentliche-bekanntmachung-der-haushaltssatzung-2025-2\\\/\"},\"wordCount\":487,\"articleSection\":[\"Nicht kategorisiert\"],\"inLanguage\":\"de\"},{\"@type\":\"WebPage\",\"@id\":\"https:\\\/\\\/www.economypark.de\\\/en\\\/oeffentliche-bekanntmachung-der-haushaltssatzung-2025-2\\\/\",\"url\":\"https:\\\/\\\/www.economypark.de\\\/en\\\/oeffentliche-bekanntmachung-der-haushaltssatzung-2025-2\\\/\",\"name\":\"\u00d6ffentliche Bekanntmachung der Haushaltssatzung 2025 - Economy Park\",\"isPartOf\":{\"@id\":\"https:\\\/\\\/www.economypark.de\\\/#website\"},\"datePublished\":\"2024-12-18T07:00:04+00:00\",\"dateModified\":\"2024-12-20T09:18:30+00:00\",\"author\":{\"@id\":\"https:\\\/\\\/www.economypark.de\\\/#\\\/schema\\\/person\\\/ddd5faeff96e604d6b416ecbe3e96221\"},\"breadcrumb\":{\"@id\":\"https:\\\/\\\/www.economypark.de\\\/en\\\/oeffentliche-bekanntmachung-der-haushaltssatzung-2025-2\\\/#breadcrumb\"},\"inLanguage\":\"de\",\"potentialAction\":[{\"@type\":\"ReadAction\",\"target\":[\"https:\\\/\\\/www.economypark.de\\\/en\\\/oeffentliche-bekanntmachung-der-haushaltssatzung-2025-2\\\/\"]}]},{\"@type\":\"BreadcrumbList\",\"@id\":\"https:\\\/\\\/www.economypark.de\\\/en\\\/oeffentliche-bekanntmachung-der-haushaltssatzung-2025-2\\\/#breadcrumb\",\"itemListElement\":[{\"@type\":\"ListItem\",\"position\":1,\"name\":\"Start\",\"item\":\"https:\\\/\\\/www.economypark.de\\\/\"},{\"@type\":\"ListItem\",\"position\":2,\"name\":\"\u00d6ffentliche Bekanntmachung der Haushaltssatzung 2025\"}]},{\"@type\":\"WebSite\",\"@id\":\"https:\\\/\\\/www.economypark.de\\\/#website\",\"url\":\"https:\\\/\\\/www.economypark.de\\\/\",\"name\":\"Economy Park\",\"description\":\"Innovative &amp; nachhaltige Gewerbefl\u00e4chen in der Metropolregion Rhein-Neckar.\",\"potentialAction\":[{\"@type\":\"SearchAction\",\"target\":{\"@type\":\"EntryPoint\",\"urlTemplate\":\"https:\\\/\\\/www.economypark.de\\\/?s={search_term_string}\"},\"query-input\":{\"@type\":\"PropertyValueSpecification\",\"valueRequired\":true,\"valueName\":\"search_term_string\"}}],\"inLanguage\":\"de\"},{\"@type\":\"Person\",\"@id\":\"https:\\\/\\\/www.economypark.de\\\/#\\\/schema\\\/person\\\/ddd5faeff96e604d6b416ecbe3e96221\",\"name\":\"r.radde\",\"url\":\"https:\\\/\\\/www.economypark.de\\\/author\\\/r-radde\\\/\"}]}<\/script>\n<!-- \/ Yoast SEO plugin. -->","yoast_head_json":{"title":"\u00d6ffentliche Bekanntmachung der Haushaltssatzung 2025 - Economy Park","robots":{"index":"index","follow":"follow","max-snippet":"max-snippet:-1","max-image-preview":"max-image-preview:large","max-video-preview":"max-video-preview:-1"},"canonical":"https:\/\/www.economypark.de\/en\/oeffentliche-bekanntmachung-der-haushaltssatzung-2025-2\/","og_locale":"de_DE","og_type":"article","og_title":"\u00d6ffentliche Bekanntmachung der Haushaltssatzung 2025 - Economy Park","og_description":"H a u s h a l t s s a t z u n g\u00a0\u00a0\u00a0 2 0 2 5 Aufgrund von \u00a7 18 GKZ Baden-W\u00fcrttemberg in der Fassung vom 16. September 1974, zuletzt ge\u00e4ndert am 17. Juni 2020, in Verbindung mit \u00a7 79 der Gemeindeordnung f\u00fcr Baden-W\u00fcrttemberg in der Fassung der Bekanntmachung vom 24....","og_url":"https:\/\/www.economypark.de\/en\/oeffentliche-bekanntmachung-der-haushaltssatzung-2025-2\/","og_site_name":"Economy Park","article_published_time":"2024-12-18T07:00:04+00:00","article_modified_time":"2024-12-20T09:18:30+00:00","author":"r.radde","twitter_card":"summary_large_image","twitter_misc":{"Verfasst von":"r.radde","Gesch\u00e4tzte Lesezeit":"2\u00a0Minuten"},"schema":{"@context":"https:\/\/schema.org","@graph":[{"@type":"Article","@id":"https:\/\/www.economypark.de\/en\/oeffentliche-bekanntmachung-der-haushaltssatzung-2025-2\/#article","isPartOf":{"@id":"https:\/\/www.economypark.de\/en\/oeffentliche-bekanntmachung-der-haushaltssatzung-2025-2\/"},"author":{"name":"r.radde","@id":"https:\/\/www.economypark.de\/#\/schema\/person\/ddd5faeff96e604d6b416ecbe3e96221"},"headline":"\u00d6ffentliche Bekanntmachung der Haushaltssatzung 2025","datePublished":"2024-12-18T07:00:04+00:00","dateModified":"2024-12-20T09:18:30+00:00","mainEntityOfPage":{"@id":"https:\/\/www.economypark.de\/en\/oeffentliche-bekanntmachung-der-haushaltssatzung-2025-2\/"},"wordCount":487,"articleSection":["Nicht kategorisiert"],"inLanguage":"de"},{"@type":"WebPage","@id":"https:\/\/www.economypark.de\/en\/oeffentliche-bekanntmachung-der-haushaltssatzung-2025-2\/","url":"https:\/\/www.economypark.de\/en\/oeffentliche-bekanntmachung-der-haushaltssatzung-2025-2\/","name":"\u00d6ffentliche Bekanntmachung der Haushaltssatzung 2025 - Economy Park","isPartOf":{"@id":"https:\/\/www.economypark.de\/#website"},"datePublished":"2024-12-18T07:00:04+00:00","dateModified":"2024-12-20T09:18:30+00:00","author":{"@id":"https:\/\/www.economypark.de\/#\/schema\/person\/ddd5faeff96e604d6b416ecbe3e96221"},"breadcrumb":{"@id":"https:\/\/www.economypark.de\/en\/oeffentliche-bekanntmachung-der-haushaltssatzung-2025-2\/#breadcrumb"},"inLanguage":"de","potentialAction":[{"@type":"ReadAction","target":["https:\/\/www.economypark.de\/en\/oeffentliche-bekanntmachung-der-haushaltssatzung-2025-2\/"]}]},{"@type":"BreadcrumbList","@id":"https:\/\/www.economypark.de\/en\/oeffentliche-bekanntmachung-der-haushaltssatzung-2025-2\/#breadcrumb","itemListElement":[{"@type":"ListItem","position":1,"name":"Start","item":"https:\/\/www.economypark.de\/"},{"@type":"ListItem","position":2,"name":"\u00d6ffentliche Bekanntmachung der Haushaltssatzung 2025"}]},{"@type":"WebSite","@id":"https:\/\/www.economypark.de\/#website","url":"https:\/\/www.economypark.de\/","name":"Economy Park","description":"Innovative &amp; nachhaltige Gewerbefl\u00e4chen in der Metropolregion Rhein-Neckar.","potentialAction":[{"@type":"SearchAction","target":{"@type":"EntryPoint","urlTemplate":"https:\/\/www.economypark.de\/?s={search_term_string}"},"query-input":{"@type":"PropertyValueSpecification","valueRequired":true,"valueName":"search_term_string"}}],"inLanguage":"de"},{"@type":"Person","@id":"https:\/\/www.economypark.de\/#\/schema\/person\/ddd5faeff96e604d6b416ecbe3e96221","name":"r.radde","url":"https:\/\/www.economypark.de\/author\/r-radde\/"}]}},"_links":{"self":[{"href":"https:\/\/www.economypark.de\/ecopark-api\/wp\/v2\/posts\/1217","targetHints":{"allow":["GET"]}}],"collection":[{"href":"https:\/\/www.economypark.de\/ecopark-api\/wp\/v2\/posts"}],"about":[{"href":"https:\/\/www.economypark.de\/ecopark-api\/wp\/v2\/types\/post"}],"author":[{"embeddable":true,"href":"https:\/\/www.economypark.de\/ecopark-api\/wp\/v2\/users\/3"}],"replies":[{"embeddable":true,"href":"https:\/\/www.economypark.de\/ecopark-api\/wp\/v2\/comments?post=1217"}],"version-history":[{"count":1,"href":"https:\/\/www.economypark.de\/ecopark-api\/wp\/v2\/posts\/1217\/revisions"}],"predecessor-version":[{"id":1218,"href":"https:\/\/www.economypark.de\/ecopark-api\/wp\/v2\/posts\/1217\/revisions\/1218"}],"wp:attachment":[{"href":"https:\/\/www.economypark.de\/ecopark-api\/wp\/v2\/media?parent=1217"}],"wp:term":[{"taxonomy":"category","embeddable":true,"href":"https:\/\/www.economypark.de\/ecopark-api\/wp\/v2\/categories?post=1217"},{"taxonomy":"post_tag","embeddable":true,"href":"https:\/\/www.economypark.de\/ecopark-api\/wp\/v2\/tags?post=1217"}],"curies":[{"name":"wp","href":"https:\/\/api.w.org\/{rel}","templated":true}]}}