{"id":1153,"date":"2024-12-02T12:34:00","date_gmt":"2024-12-02T11:34:00","guid":{"rendered":"https:\/\/www.economypark.de\/?p=1153"},"modified":"2024-12-02T12:34:00","modified_gmt":"2024-12-02T11:34:00","slug":"weitere-meilensteine-bei-der-entwicklung-erreicht-rahmenplan-und-sanierungssatzung-in-2024-beschlossen","status":"publish","type":"post","link":"https:\/\/www.economypark.de\/weitere-meilensteine-bei-der-entwicklung-erreicht-rahmenplan-und-sanierungssatzung-in-2024-beschlossen\/","title":{"rendered":"Weitere Meilensteine bei der Entwicklung erreicht &#8211; Rahmenplan und Sanierungssatzung in 2024 beschlossen"},"content":{"rendered":"<p>Nachhaltiges Bauen und Medizintechnik \u2013 diese Branchen sollen k\u00fcnftig im Economy Park Heidelberg-Leimen schwerpunktm\u00e4\u00dfig vertreten sein. Auf dem Weg dorthin wurden in diesem Jahr weitere Meilensteine erreicht: Bei ihrer Sitzung am 26. November 2024 hat die Verbandsversammlung das Sanierungsgebiet des interkommunalen Gewerbe- und Industriegebietes f\u00f6rmlich festgelegt und Kenntnis von den Vorbereitenden Untersuchungen und der W\u00e4rmeplanung des Zweckverbandes genommen. In einem n\u00e4chsten Schritt wird im Rahmen eines europaweiten Vergabeverfahrens ein Sanierungstr\u00e4ger gesucht.<\/p>\n<p>&nbsp;<\/p>\n<p><strong>Rahmenplan bereits im Juli beschlossen<\/strong><\/p>\n<p>Bereits am 22. Juli 2024 hatte die Verbandsversammlung den Rahmenplan des fast 100 Hektar gro\u00dfen Areals beschlossen, der die Entwicklungspotenziale und die Perspektiven f\u00fcr die k\u00fcnftige Nutzung ausweist. Der Zweckverband hatte zuvor im Rahmen eines wettbewerblichen Atelierverfahrens gemeinsam mit sechs renommierten B\u00fcros an der Erstellung eines Rahmenplans gearbeitet. Ein Kuratorium, bestehend aus Vertreterinnen und Vertretern der beiden St\u00e4dte Heidelberg und Leimen sowie externen Fachplanern votierte dann einstimmig f\u00fcr den Rahmenplanentwurf des B\u00fcros ulrich hartung aus Bonn.<\/p>\n<p>&nbsp;<\/p>\n<p><strong>Ehemalige Produktionshalle als \u201eNukleus\u201c und Verbindungsstra\u00dfe geplant<\/strong><\/p>\n<p>Die denkmalgesch\u00fctzte, ehemalige Eternit-Produktionshalle bildet einen st\u00e4dtebaulichen Identifikationspunkt f\u00fcr das Areal. Mit ihrer Gr\u00f6\u00dfe von rund 2,5 Hektar \u2013 das entspricht ann\u00e4hrend vier Fu\u00dfballpl\u00e4tzen \u2013 ist sie ein eindrucksvolles Zeugnis ehemaliger Industriekultur. Zusammen mit dem ebenfalls von Ernst Neufert gebauten Werkstatt- und Sozialgeb\u00e4ude weiter n\u00f6rdlich kann sie einen Nukleus f\u00fcr einen industriell-gewerblich gepr\u00e4gten Raum bilden, der auf das gesamte Gebiet ausstrahlt. Die Produktionshalle kann im Inneren Raum f\u00fcr neue innovative Konzepte mit kleineren vernetzten Gewerbeeinheiten bieten (\u201eHaus-in-Haus-Konzept\u201c).<\/p>\n<p>Geplant ist eine in Ost-West-Richtung f\u00fchrende Durchgangsstra\u00dfe von der L 594 zur L 600 auf Leimener Gemarkung. Hier kann ein Knotenpunkt zum n\u00f6rdlich gelegenen Gewerbegebiet Rohrbach-S\u00fcd mit einer Nord-S\u00fcd-Verbindung hergestellt werden, welche zu einer sp\u00fcrbaren Entlastung der zwei Knotenpunkte an der Karlsruher Stra\u00dfe f\u00fchren wird. Die Durchgangsstra\u00dfe mit Anschluss an das \u00fcber\u00f6rtliche Netz wird zugleich Leimener Wohngebiete von Gewerbeverkehr entlasten. Neben Autoverkehr, Fu\u00df- und Radwegen soll die in Ost-West-Richtung verlaufende Durchgangsstra\u00dfe eine Stra\u00dfenbahntrasse aufnehmen, die an die Gleise von Heidelberg-Rohrbach nach Leimen anbinden. Mit der durch das Gebiet verlaufenden Stra\u00dfenbahn mit Haltestellen soll ein neuer S-Bahn-Haltepunkt an der Bahnstrecke Heidelberg \u2013 Karlsruhe angebunden werden.<\/p>\n<p>&nbsp;<\/p>\n<p><strong>Hintergrund: Interkommunales Gewerbe- und Industriegebiet Heidelberg-Leimen<\/strong><\/p>\n<p>Das Interkommunale Gewerbe- und Industriegebiet Heidelberg-Leimen wird im Bereich der Gemarkungsgrenze beider St\u00e4dte entwickelt. Hier grenzen die Industrie- und Gewerbegebiete Rohrbach-S\u00fcd und Leimen-Nord direkt aneinander. Das interkommunale Gewerbe- und Industriegebiet umfasst eine Fl\u00e4che von circa 99 Hektar \u2013 das entspricht etwa 140 Fu\u00dfballfeldern \u2013 und ist damit das gr\u00f6\u00dfte Interkommunale Gewerbegebiet im Land Baden-W\u00fcrttemberg. Davon befinden sich rund 44 Hektar auf Heidelberger und 55 Hektar auf Leimener Gemarkung, darunter auch die ehemalige Deponie Fautenb\u00fchl. Vom baden-w\u00fcrttembergischen Ministerium f\u00fcr Landesentwicklung und Wohnen wird das Projekt im Rahmen der St\u00e4dtebauf\u00f6rderung mit 3,2 Millionen Euro gef\u00f6rdert.<\/p>\n<p>Bericht: Nina Flosdorff-St\u00f6ber, Stadt Heidelberg<\/p>\n<p>&nbsp;<\/p>\n","protected":false},"excerpt":{"rendered":"<p>Nachhaltiges Bauen und Medizintechnik \u2013 diese Branchen sollen k\u00fcnftig im Economy Park Heidelberg-Leimen schwerpunktm\u00e4\u00dfig vertreten sein. Auf dem Weg dorthin wurden in diesem Jahr weitere Meilensteine erreicht: Bei ihrer Sitzung am 26. November 2024 hat die Verbandsversammlung das Sanierungsgebiet des interkommunalen Gewerbe- und Industriegebietes f\u00f6rmlich festgelegt und Kenntnis von den Vorbereitenden Untersuchungen und der W\u00e4rmeplanung&#8230;<\/p>\n","protected":false},"author":4,"featured_media":1154,"comment_status":"closed","ping_status":"closed","sticky":false,"template":"","format":"standard","meta":{"_acf_changed":false,"footnotes":""},"categories":[12],"tags":[],"class_list":["post-1153","post","type-post","status-publish","format-standard","has-post-thumbnail","hentry","category-aktuelles"],"acf":[],"yoast_head":"<!-- This site is optimized with the Yoast SEO plugin v27.4 - https:\/\/yoast.com\/product\/yoast-seo-wordpress\/ -->\n<title>Weitere Meilensteine bei der Entwicklung erreicht - Rahmenplan und Sanierungssatzung in 2024 beschlossen - Economy Park<\/title>\n<meta name=\"robots\" content=\"index, follow, max-snippet:-1, max-image-preview:large, max-video-preview:-1\" \/>\n<link rel=\"canonical\" href=\"https:\/\/www.economypark.de\/weitere-meilensteine-bei-der-entwicklung-erreicht-rahmenplan-und-sanierungssatzung-in-2024-beschlossen\/\" \/>\n<meta property=\"og:locale\" content=\"de_DE\" \/>\n<meta property=\"og:type\" content=\"article\" \/>\n<meta property=\"og:title\" content=\"Weitere Meilensteine bei der Entwicklung erreicht - Rahmenplan und Sanierungssatzung in 2024 beschlossen - Economy Park\" \/>\n<meta property=\"og:description\" content=\"Nachhaltiges Bauen und Medizintechnik \u2013 diese Branchen sollen k\u00fcnftig im Economy Park Heidelberg-Leimen schwerpunktm\u00e4\u00dfig vertreten sein. Auf dem Weg dorthin wurden in diesem Jahr weitere Meilensteine erreicht: Bei ihrer Sitzung am 26. November 2024 hat die Verbandsversammlung das Sanierungsgebiet des interkommunalen Gewerbe- und Industriegebietes f\u00f6rmlich festgelegt und Kenntnis von den Vorbereitenden Untersuchungen und der W\u00e4rmeplanung...\" \/>\n<meta property=\"og:url\" content=\"https:\/\/www.economypark.de\/weitere-meilensteine-bei-der-entwicklung-erreicht-rahmenplan-und-sanierungssatzung-in-2024-beschlossen\/\" \/>\n<meta property=\"og:site_name\" content=\"Economy Park\" \/>\n<meta property=\"article:published_time\" content=\"2024-12-02T11:34:00+00:00\" \/>\n<meta property=\"og:image\" content=\"https:\/\/www.economypark.de\/wp-content\/uploads\/2024\/12\/BIlder_1.2.1.jpg\" \/>\n\t<meta property=\"og:image:width\" content=\"1920\" \/>\n\t<meta property=\"og:image:height\" content=\"1080\" \/>\n\t<meta property=\"og:image:type\" content=\"image\/jpeg\" \/>\n<meta name=\"author\" content=\"Alena Gluth\" \/>\n<meta name=\"twitter:card\" content=\"summary_large_image\" \/>\n<meta name=\"twitter:label1\" content=\"Verfasst von\" \/>\n\t<meta name=\"twitter:data1\" content=\"Alena Gluth\" \/>\n\t<meta name=\"twitter:label2\" content=\"Gesch\u00e4tzte Lesezeit\" \/>\n\t<meta name=\"twitter:data2\" content=\"2\u00a0Minuten\" \/>\n<script type=\"application\/ld+json\" class=\"yoast-schema-graph\">{\"@context\":\"https:\\\/\\\/schema.org\",\"@graph\":[{\"@type\":\"Article\",\"@id\":\"https:\\\/\\\/www.economypark.de\\\/weitere-meilensteine-bei-der-entwicklung-erreicht-rahmenplan-und-sanierungssatzung-in-2024-beschlossen\\\/#article\",\"isPartOf\":{\"@id\":\"https:\\\/\\\/www.economypark.de\\\/weitere-meilensteine-bei-der-entwicklung-erreicht-rahmenplan-und-sanierungssatzung-in-2024-beschlossen\\\/\"},\"author\":{\"name\":\"Alena Gluth\",\"@id\":\"https:\\\/\\\/www.economypark.de\\\/#\\\/schema\\\/person\\\/323d46312b16626177e83b7ffb4759d1\"},\"headline\":\"Weitere Meilensteine bei der Entwicklung erreicht &#8211; Rahmenplan und Sanierungssatzung in 2024 beschlossen\",\"datePublished\":\"2024-12-02T11:34:00+00:00\",\"mainEntityOfPage\":{\"@id\":\"https:\\\/\\\/www.economypark.de\\\/weitere-meilensteine-bei-der-entwicklung-erreicht-rahmenplan-und-sanierungssatzung-in-2024-beschlossen\\\/\"},\"wordCount\":494,\"image\":{\"@id\":\"https:\\\/\\\/www.economypark.de\\\/weitere-meilensteine-bei-der-entwicklung-erreicht-rahmenplan-und-sanierungssatzung-in-2024-beschlossen\\\/#primaryimage\"},\"thumbnailUrl\":\"https:\\\/\\\/www.economypark.de\\\/wp-content\\\/uploads\\\/2024\\\/12\\\/BIlder_1.2.1.jpg\",\"articleSection\":[\"Aktuelles\"],\"inLanguage\":\"de\"},{\"@type\":\"WebPage\",\"@id\":\"https:\\\/\\\/www.economypark.de\\\/weitere-meilensteine-bei-der-entwicklung-erreicht-rahmenplan-und-sanierungssatzung-in-2024-beschlossen\\\/\",\"url\":\"https:\\\/\\\/www.economypark.de\\\/weitere-meilensteine-bei-der-entwicklung-erreicht-rahmenplan-und-sanierungssatzung-in-2024-beschlossen\\\/\",\"name\":\"Weitere Meilensteine bei der Entwicklung erreicht - Rahmenplan und Sanierungssatzung in 2024 beschlossen - Economy Park\",\"isPartOf\":{\"@id\":\"https:\\\/\\\/www.economypark.de\\\/#website\"},\"primaryImageOfPage\":{\"@id\":\"https:\\\/\\\/www.economypark.de\\\/weitere-meilensteine-bei-der-entwicklung-erreicht-rahmenplan-und-sanierungssatzung-in-2024-beschlossen\\\/#primaryimage\"},\"image\":{\"@id\":\"https:\\\/\\\/www.economypark.de\\\/weitere-meilensteine-bei-der-entwicklung-erreicht-rahmenplan-und-sanierungssatzung-in-2024-beschlossen\\\/#primaryimage\"},\"thumbnailUrl\":\"https:\\\/\\\/www.economypark.de\\\/wp-content\\\/uploads\\\/2024\\\/12\\\/BIlder_1.2.1.jpg\",\"datePublished\":\"2024-12-02T11:34:00+00:00\",\"author\":{\"@id\":\"https:\\\/\\\/www.economypark.de\\\/#\\\/schema\\\/person\\\/323d46312b16626177e83b7ffb4759d1\"},\"breadcrumb\":{\"@id\":\"https:\\\/\\\/www.economypark.de\\\/weitere-meilensteine-bei-der-entwicklung-erreicht-rahmenplan-und-sanierungssatzung-in-2024-beschlossen\\\/#breadcrumb\"},\"inLanguage\":\"de\",\"potentialAction\":[{\"@type\":\"ReadAction\",\"target\":[\"https:\\\/\\\/www.economypark.de\\\/weitere-meilensteine-bei-der-entwicklung-erreicht-rahmenplan-und-sanierungssatzung-in-2024-beschlossen\\\/\"]}]},{\"@type\":\"ImageObject\",\"inLanguage\":\"de\",\"@id\":\"https:\\\/\\\/www.economypark.de\\\/weitere-meilensteine-bei-der-entwicklung-erreicht-rahmenplan-und-sanierungssatzung-in-2024-beschlossen\\\/#primaryimage\",\"url\":\"https:\\\/\\\/www.economypark.de\\\/wp-content\\\/uploads\\\/2024\\\/12\\\/BIlder_1.2.1.jpg\",\"contentUrl\":\"https:\\\/\\\/www.economypark.de\\\/wp-content\\\/uploads\\\/2024\\\/12\\\/BIlder_1.2.1.jpg\",\"width\":1920,\"height\":1080,\"caption\":\"Luftaufnahme des Zweckverbandsgebietes\"},{\"@type\":\"BreadcrumbList\",\"@id\":\"https:\\\/\\\/www.economypark.de\\\/weitere-meilensteine-bei-der-entwicklung-erreicht-rahmenplan-und-sanierungssatzung-in-2024-beschlossen\\\/#breadcrumb\",\"itemListElement\":[{\"@type\":\"ListItem\",\"position\":1,\"name\":\"Start\",\"item\":\"https:\\\/\\\/www.economypark.de\\\/\"},{\"@type\":\"ListItem\",\"position\":2,\"name\":\"Weitere Meilensteine bei der Entwicklung erreicht &#8211; Rahmenplan und Sanierungssatzung in 2024 beschlossen\"}]},{\"@type\":\"WebSite\",\"@id\":\"https:\\\/\\\/www.economypark.de\\\/#website\",\"url\":\"https:\\\/\\\/www.economypark.de\\\/\",\"name\":\"Economy Park\",\"description\":\"Innovative &amp; nachhaltige Gewerbefl\u00e4chen in der Metropolregion Rhein-Neckar.\",\"potentialAction\":[{\"@type\":\"SearchAction\",\"target\":{\"@type\":\"EntryPoint\",\"urlTemplate\":\"https:\\\/\\\/www.economypark.de\\\/?s={search_term_string}\"},\"query-input\":{\"@type\":\"PropertyValueSpecification\",\"valueRequired\":true,\"valueName\":\"search_term_string\"}}],\"inLanguage\":\"de\"},{\"@type\":\"Person\",\"@id\":\"https:\\\/\\\/www.economypark.de\\\/#\\\/schema\\\/person\\\/323d46312b16626177e83b7ffb4759d1\",\"name\":\"Alena Gluth\",\"sameAs\":[\"http:\\\/\\\/www.economypark.de\"],\"url\":\"https:\\\/\\\/www.economypark.de\\\/author\\\/a-kaltenmaier\\\/\"}]}<\/script>\n<!-- \/ Yoast SEO plugin. -->","yoast_head_json":{"title":"Weitere Meilensteine bei der Entwicklung erreicht - Rahmenplan und Sanierungssatzung in 2024 beschlossen - Economy Park","robots":{"index":"index","follow":"follow","max-snippet":"max-snippet:-1","max-image-preview":"max-image-preview:large","max-video-preview":"max-video-preview:-1"},"canonical":"https:\/\/www.economypark.de\/weitere-meilensteine-bei-der-entwicklung-erreicht-rahmenplan-und-sanierungssatzung-in-2024-beschlossen\/","og_locale":"de_DE","og_type":"article","og_title":"Weitere Meilensteine bei der Entwicklung erreicht - Rahmenplan und Sanierungssatzung in 2024 beschlossen - Economy Park","og_description":"Nachhaltiges Bauen und Medizintechnik \u2013 diese Branchen sollen k\u00fcnftig im Economy Park Heidelberg-Leimen schwerpunktm\u00e4\u00dfig vertreten sein. Auf dem Weg dorthin wurden in diesem Jahr weitere Meilensteine erreicht: Bei ihrer Sitzung am 26. November 2024 hat die Verbandsversammlung das Sanierungsgebiet des interkommunalen Gewerbe- und Industriegebietes f\u00f6rmlich festgelegt und Kenntnis von den Vorbereitenden Untersuchungen und der W\u00e4rmeplanung...","og_url":"https:\/\/www.economypark.de\/weitere-meilensteine-bei-der-entwicklung-erreicht-rahmenplan-und-sanierungssatzung-in-2024-beschlossen\/","og_site_name":"Economy Park","article_published_time":"2024-12-02T11:34:00+00:00","og_image":[{"width":1920,"height":1080,"url":"https:\/\/www.economypark.de\/wp-content\/uploads\/2024\/12\/BIlder_1.2.1.jpg","type":"image\/jpeg"}],"author":"Alena Gluth","twitter_card":"summary_large_image","twitter_misc":{"Verfasst von":"Alena Gluth","Gesch\u00e4tzte Lesezeit":"2\u00a0Minuten"},"schema":{"@context":"https:\/\/schema.org","@graph":[{"@type":"Article","@id":"https:\/\/www.economypark.de\/weitere-meilensteine-bei-der-entwicklung-erreicht-rahmenplan-und-sanierungssatzung-in-2024-beschlossen\/#article","isPartOf":{"@id":"https:\/\/www.economypark.de\/weitere-meilensteine-bei-der-entwicklung-erreicht-rahmenplan-und-sanierungssatzung-in-2024-beschlossen\/"},"author":{"name":"Alena Gluth","@id":"https:\/\/www.economypark.de\/#\/schema\/person\/323d46312b16626177e83b7ffb4759d1"},"headline":"Weitere Meilensteine bei der Entwicklung erreicht &#8211; Rahmenplan und Sanierungssatzung in 2024 beschlossen","datePublished":"2024-12-02T11:34:00+00:00","mainEntityOfPage":{"@id":"https:\/\/www.economypark.de\/weitere-meilensteine-bei-der-entwicklung-erreicht-rahmenplan-und-sanierungssatzung-in-2024-beschlossen\/"},"wordCount":494,"image":{"@id":"https:\/\/www.economypark.de\/weitere-meilensteine-bei-der-entwicklung-erreicht-rahmenplan-und-sanierungssatzung-in-2024-beschlossen\/#primaryimage"},"thumbnailUrl":"https:\/\/www.economypark.de\/wp-content\/uploads\/2024\/12\/BIlder_1.2.1.jpg","articleSection":["Aktuelles"],"inLanguage":"de"},{"@type":"WebPage","@id":"https:\/\/www.economypark.de\/weitere-meilensteine-bei-der-entwicklung-erreicht-rahmenplan-und-sanierungssatzung-in-2024-beschlossen\/","url":"https:\/\/www.economypark.de\/weitere-meilensteine-bei-der-entwicklung-erreicht-rahmenplan-und-sanierungssatzung-in-2024-beschlossen\/","name":"Weitere Meilensteine bei der Entwicklung erreicht - Rahmenplan und Sanierungssatzung in 2024 beschlossen - Economy Park","isPartOf":{"@id":"https:\/\/www.economypark.de\/#website"},"primaryImageOfPage":{"@id":"https:\/\/www.economypark.de\/weitere-meilensteine-bei-der-entwicklung-erreicht-rahmenplan-und-sanierungssatzung-in-2024-beschlossen\/#primaryimage"},"image":{"@id":"https:\/\/www.economypark.de\/weitere-meilensteine-bei-der-entwicklung-erreicht-rahmenplan-und-sanierungssatzung-in-2024-beschlossen\/#primaryimage"},"thumbnailUrl":"https:\/\/www.economypark.de\/wp-content\/uploads\/2024\/12\/BIlder_1.2.1.jpg","datePublished":"2024-12-02T11:34:00+00:00","author":{"@id":"https:\/\/www.economypark.de\/#\/schema\/person\/323d46312b16626177e83b7ffb4759d1"},"breadcrumb":{"@id":"https:\/\/www.economypark.de\/weitere-meilensteine-bei-der-entwicklung-erreicht-rahmenplan-und-sanierungssatzung-in-2024-beschlossen\/#breadcrumb"},"inLanguage":"de","potentialAction":[{"@type":"ReadAction","target":["https:\/\/www.economypark.de\/weitere-meilensteine-bei-der-entwicklung-erreicht-rahmenplan-und-sanierungssatzung-in-2024-beschlossen\/"]}]},{"@type":"ImageObject","inLanguage":"de","@id":"https:\/\/www.economypark.de\/weitere-meilensteine-bei-der-entwicklung-erreicht-rahmenplan-und-sanierungssatzung-in-2024-beschlossen\/#primaryimage","url":"https:\/\/www.economypark.de\/wp-content\/uploads\/2024\/12\/BIlder_1.2.1.jpg","contentUrl":"https:\/\/www.economypark.de\/wp-content\/uploads\/2024\/12\/BIlder_1.2.1.jpg","width":1920,"height":1080,"caption":"Luftaufnahme des Zweckverbandsgebietes"},{"@type":"BreadcrumbList","@id":"https:\/\/www.economypark.de\/weitere-meilensteine-bei-der-entwicklung-erreicht-rahmenplan-und-sanierungssatzung-in-2024-beschlossen\/#breadcrumb","itemListElement":[{"@type":"ListItem","position":1,"name":"Start","item":"https:\/\/www.economypark.de\/"},{"@type":"ListItem","position":2,"name":"Weitere Meilensteine bei der Entwicklung erreicht &#8211; Rahmenplan und Sanierungssatzung in 2024 beschlossen"}]},{"@type":"WebSite","@id":"https:\/\/www.economypark.de\/#website","url":"https:\/\/www.economypark.de\/","name":"Economy Park","description":"Innovative &amp; nachhaltige Gewerbefl\u00e4chen in der Metropolregion Rhein-Neckar.","potentialAction":[{"@type":"SearchAction","target":{"@type":"EntryPoint","urlTemplate":"https:\/\/www.economypark.de\/?s={search_term_string}"},"query-input":{"@type":"PropertyValueSpecification","valueRequired":true,"valueName":"search_term_string"}}],"inLanguage":"de"},{"@type":"Person","@id":"https:\/\/www.economypark.de\/#\/schema\/person\/323d46312b16626177e83b7ffb4759d1","name":"Alena Gluth","sameAs":["http:\/\/www.economypark.de"],"url":"https:\/\/www.economypark.de\/author\/a-kaltenmaier\/"}]}},"_links":{"self":[{"href":"https:\/\/www.economypark.de\/ecopark-api\/wp\/v2\/posts\/1153","targetHints":{"allow":["GET"]}}],"collection":[{"href":"https:\/\/www.economypark.de\/ecopark-api\/wp\/v2\/posts"}],"about":[{"href":"https:\/\/www.economypark.de\/ecopark-api\/wp\/v2\/types\/post"}],"author":[{"embeddable":true,"href":"https:\/\/www.economypark.de\/ecopark-api\/wp\/v2\/users\/4"}],"replies":[{"embeddable":true,"href":"https:\/\/www.economypark.de\/ecopark-api\/wp\/v2\/comments?post=1153"}],"version-history":[{"count":7,"href":"https:\/\/www.economypark.de\/ecopark-api\/wp\/v2\/posts\/1153\/revisions"}],"predecessor-version":[{"id":1161,"href":"https:\/\/www.economypark.de\/ecopark-api\/wp\/v2\/posts\/1153\/revisions\/1161"}],"wp:featuredmedia":[{"embeddable":true,"href":"https:\/\/www.economypark.de\/ecopark-api\/wp\/v2\/media\/1154"}],"wp:attachment":[{"href":"https:\/\/www.economypark.de\/ecopark-api\/wp\/v2\/media?parent=1153"}],"wp:term":[{"taxonomy":"category","embeddable":true,"href":"https:\/\/www.economypark.de\/ecopark-api\/wp\/v2\/categories?post=1153"},{"taxonomy":"post_tag","embeddable":true,"href":"https:\/\/www.economypark.de\/ecopark-api\/wp\/v2\/tags?post=1153"}],"curies":[{"name":"wp","href":"https:\/\/api.w.org\/{rel}","templated":true}]}}