{"id":1090,"date":"2024-10-22T16:52:55","date_gmt":"2024-10-22T14:52:55","guid":{"rendered":"https:\/\/www.economypark.de\/?p=1090"},"modified":"2024-10-23T10:50:34","modified_gmt":"2024-10-23T08:50:34","slug":"economy-park-heidelberg-leimen-at-expo-real-2024","status":"publish","type":"post","link":"https:\/\/www.economypark.de\/en\/economy-park-heidelberg-leimen-at-expo-real-2024\/","title":{"rendered":"Economy Park Heidelberg-Leimen at Expo Real 2024"},"content":{"rendered":"<p>As in the years before, the Zweckverband &#8222;Interkommunales Gewerbe-<br \/>\nund Industriegebiet Heidelberg-Leimen&#8220; (Special-Purpose District &#8222;Inter-Municipal Commercial and Industrial Area Heidelberg-Leimen&#8220;), also known as Economy Park Heidelberg-Leimen, was part of this year&#8217;s Real Estate Fair \u201cExpo Real\u201d, taking place in Munich from October 7 to 9. The Economy Park shared a stand of 240 sqm reserved for the Metroplitan Region Rhine-Neckar with the City of Heidelberg and 17 other partners.<\/p>\n<p>&#8222;We are convinced that our location with its attractive conditions for businesses and investors can contribute substantially to our region\u2019s economic development,&#8220; said John Ehret, Mayor of Leimen and President of the Special-Purpose District.<\/p>\n<p>Businesses from different industries booked an appointment with the Special-Purpose District in advance to learn more about its work and location.<\/p>\n<p>Happy with this lively interest in the Special-Purpose District, Heidelberg\u2019s First Deputy Mayor J\u00fcrgen Odszuck, in his function as Vice-President of the Special-Purpose District, said &#8222;it is a very good sign that the Special-Purpose District is well on its way to developing its industrial and commercial spaces&#8220;.<\/p>\n<p>The Expo Real is considered one of the most important trade fairs for real estate and investment in Europe and offers a platform where experts, investors and developers can discover innovative projects and network. For the Economy Park Heidelberg-Leimen it was a welcome opportunity to present the Special-Purpose District and the advantages of its location for businesses.<\/p>\n","protected":false},"excerpt":{"rendered":"<p>As in the years before, the Zweckverband &#8222;Interkommunales Gewerbe- und Industriegebiet Heidelberg-Leimen&#8220; (Special-Purpose District &#8222;Inter-Municipal Commercial and Industrial Area Heidelberg-Leimen&#8220;), also known as Economy Park Heidelberg-Leimen, was part of this year&#8217;s Real Estate Fair \u201cExpo Real\u201d, taking place in Munich from October 7 to 9. The Economy Park shared a stand of 240 sqm reserved&#8230;<\/p>\n","protected":false},"author":4,"featured_media":1053,"comment_status":"closed","ping_status":"closed","sticky":false,"template":"","format":"standard","meta":{"_acf_changed":false,"footnotes":""},"categories":[35],"tags":[],"class_list":["post-1090","post","type-post","status-publish","format-standard","has-post-thumbnail","hentry","category-news"],"acf":[],"yoast_head":"<!-- This site is optimized with the Yoast SEO plugin v27.4 - https:\/\/yoast.com\/product\/yoast-seo-wordpress\/ -->\n<title>Economy Park Heidelberg-Leimen at Expo Real 2024 - Economy Park<\/title>\n<meta name=\"robots\" content=\"index, follow, max-snippet:-1, max-image-preview:large, max-video-preview:-1\" \/>\n<link rel=\"canonical\" href=\"https:\/\/www.economypark.de\/en\/economy-park-heidelberg-leimen-at-expo-real-2024\/\" \/>\n<meta property=\"og:locale\" content=\"de_DE\" \/>\n<meta property=\"og:type\" content=\"article\" \/>\n<meta property=\"og:title\" content=\"Economy Park Heidelberg-Leimen at Expo Real 2024 - Economy Park\" \/>\n<meta property=\"og:description\" content=\"As in the years before, the Zweckverband &#8222;Interkommunales Gewerbe- und Industriegebiet Heidelberg-Leimen&#8220; (Special-Purpose District &#8222;Inter-Municipal Commercial and Industrial Area Heidelberg-Leimen&#8220;), also known as Economy Park Heidelberg-Leimen, was part of this year&#8217;s Real Estate Fair \u201cExpo Real\u201d, taking place in Munich from October 7 to 9. The Economy Park shared a stand of 240 sqm reserved...\" \/>\n<meta property=\"og:url\" content=\"https:\/\/www.economypark.de\/en\/economy-park-heidelberg-leimen-at-expo-real-2024\/\" \/>\n<meta property=\"og:site_name\" content=\"Economy Park\" \/>\n<meta property=\"article:published_time\" content=\"2024-10-22T14:52:55+00:00\" \/>\n<meta property=\"article:modified_time\" content=\"2024-10-23T08:50:34+00:00\" \/>\n<meta property=\"og:image\" content=\"https:\/\/www.economypark.de\/wp-content\/uploads\/2024\/10\/Homepage-2-scaled.jpg\" \/>\n\t<meta property=\"og:image:width\" content=\"2560\" \/>\n\t<meta property=\"og:image:height\" content=\"1705\" \/>\n\t<meta property=\"og:image:type\" content=\"image\/jpeg\" \/>\n<meta name=\"author\" content=\"Alena Gluth\" \/>\n<meta name=\"twitter:card\" content=\"summary_large_image\" \/>\n<meta name=\"twitter:label1\" content=\"Verfasst von\" \/>\n\t<meta name=\"twitter:data1\" content=\"Alena Gluth\" \/>\n\t<meta name=\"twitter:label2\" content=\"Gesch\u00e4tzte Lesezeit\" \/>\n\t<meta name=\"twitter:data2\" content=\"1\u00a0Minute\" \/>\n<script type=\"application\/ld+json\" class=\"yoast-schema-graph\">{\"@context\":\"https:\\\/\\\/schema.org\",\"@graph\":[{\"@type\":\"Article\",\"@id\":\"https:\\\/\\\/www.economypark.de\\\/en\\\/economy-park-heidelberg-leimen-at-expo-real-2024\\\/#article\",\"isPartOf\":{\"@id\":\"https:\\\/\\\/www.economypark.de\\\/en\\\/economy-park-heidelberg-leimen-at-expo-real-2024\\\/\"},\"author\":{\"name\":\"Alena Gluth\",\"@id\":\"https:\\\/\\\/www.economypark.de\\\/#\\\/schema\\\/person\\\/323d46312b16626177e83b7ffb4759d1\"},\"headline\":\"Economy Park Heidelberg-Leimen at Expo Real 2024\",\"datePublished\":\"2024-10-22T14:52:55+00:00\",\"dateModified\":\"2024-10-23T08:50:34+00:00\",\"mainEntityOfPage\":{\"@id\":\"https:\\\/\\\/www.economypark.de\\\/en\\\/economy-park-heidelberg-leimen-at-expo-real-2024\\\/\"},\"wordCount\":234,\"image\":{\"@id\":\"https:\\\/\\\/www.economypark.de\\\/en\\\/economy-park-heidelberg-leimen-at-expo-real-2024\\\/#primaryimage\"},\"thumbnailUrl\":\"https:\\\/\\\/www.economypark.de\\\/wp-content\\\/uploads\\\/2024\\\/10\\\/Homepage-2-scaled.jpg\",\"articleSection\":[\"News\"],\"inLanguage\":\"de\"},{\"@type\":\"WebPage\",\"@id\":\"https:\\\/\\\/www.economypark.de\\\/en\\\/economy-park-heidelberg-leimen-at-expo-real-2024\\\/\",\"url\":\"https:\\\/\\\/www.economypark.de\\\/en\\\/economy-park-heidelberg-leimen-at-expo-real-2024\\\/\",\"name\":\"Economy Park Heidelberg-Leimen at Expo Real 2024 - Economy Park\",\"isPartOf\":{\"@id\":\"https:\\\/\\\/www.economypark.de\\\/#website\"},\"primaryImageOfPage\":{\"@id\":\"https:\\\/\\\/www.economypark.de\\\/en\\\/economy-park-heidelberg-leimen-at-expo-real-2024\\\/#primaryimage\"},\"image\":{\"@id\":\"https:\\\/\\\/www.economypark.de\\\/en\\\/economy-park-heidelberg-leimen-at-expo-real-2024\\\/#primaryimage\"},\"thumbnailUrl\":\"https:\\\/\\\/www.economypark.de\\\/wp-content\\\/uploads\\\/2024\\\/10\\\/Homepage-2-scaled.jpg\",\"datePublished\":\"2024-10-22T14:52:55+00:00\",\"dateModified\":\"2024-10-23T08:50:34+00:00\",\"author\":{\"@id\":\"https:\\\/\\\/www.economypark.de\\\/#\\\/schema\\\/person\\\/323d46312b16626177e83b7ffb4759d1\"},\"breadcrumb\":{\"@id\":\"https:\\\/\\\/www.economypark.de\\\/en\\\/economy-park-heidelberg-leimen-at-expo-real-2024\\\/#breadcrumb\"},\"inLanguage\":\"de\",\"potentialAction\":[{\"@type\":\"ReadAction\",\"target\":[\"https:\\\/\\\/www.economypark.de\\\/en\\\/economy-park-heidelberg-leimen-at-expo-real-2024\\\/\"]}]},{\"@type\":\"ImageObject\",\"inLanguage\":\"de\",\"@id\":\"https:\\\/\\\/www.economypark.de\\\/en\\\/economy-park-heidelberg-leimen-at-expo-real-2024\\\/#primaryimage\",\"url\":\"https:\\\/\\\/www.economypark.de\\\/wp-content\\\/uploads\\\/2024\\\/10\\\/Homepage-2-scaled.jpg\",\"contentUrl\":\"https:\\\/\\\/www.economypark.de\\\/wp-content\\\/uploads\\\/2024\\\/10\\\/Homepage-2-scaled.jpg\",\"width\":2560,\"height\":1705,\"caption\":\"V.l. Herr Oberb\u00fcrgermeister Ehret, Verbandsvorsitzender Economy Park Heidelberg -Leimen; Frau Razavi, Ministerin f\u00fcr Landesentwicklung und Wohnen des Landes Baden-W\u00fcrttemberg; Herr Johann, Gesch\u00e4ftsf\u00fchrer Metropolregion Rhein-Neckar GmbH Quelle: Metropolregion Rhein-Neckar\"},{\"@type\":\"BreadcrumbList\",\"@id\":\"https:\\\/\\\/www.economypark.de\\\/en\\\/economy-park-heidelberg-leimen-at-expo-real-2024\\\/#breadcrumb\",\"itemListElement\":[{\"@type\":\"ListItem\",\"position\":1,\"name\":\"Start\",\"item\":\"https:\\\/\\\/www.economypark.de\\\/\"},{\"@type\":\"ListItem\",\"position\":2,\"name\":\"Economy Park Heidelberg-Leimen at Expo Real 2024\"}]},{\"@type\":\"WebSite\",\"@id\":\"https:\\\/\\\/www.economypark.de\\\/#website\",\"url\":\"https:\\\/\\\/www.economypark.de\\\/\",\"name\":\"Economy Park\",\"description\":\"Innovative &amp; nachhaltige Gewerbefl\u00e4chen in der Metropolregion Rhein-Neckar.\",\"potentialAction\":[{\"@type\":\"SearchAction\",\"target\":{\"@type\":\"EntryPoint\",\"urlTemplate\":\"https:\\\/\\\/www.economypark.de\\\/?s={search_term_string}\"},\"query-input\":{\"@type\":\"PropertyValueSpecification\",\"valueRequired\":true,\"valueName\":\"search_term_string\"}}],\"inLanguage\":\"de\"},{\"@type\":\"Person\",\"@id\":\"https:\\\/\\\/www.economypark.de\\\/#\\\/schema\\\/person\\\/323d46312b16626177e83b7ffb4759d1\",\"name\":\"Alena Gluth\",\"sameAs\":[\"http:\\\/\\\/www.economypark.de\"],\"url\":\"https:\\\/\\\/www.economypark.de\\\/author\\\/a-kaltenmaier\\\/\"}]}<\/script>\n<!-- \/ Yoast SEO plugin. -->","yoast_head_json":{"title":"Economy Park Heidelberg-Leimen at Expo Real 2024 - Economy Park","robots":{"index":"index","follow":"follow","max-snippet":"max-snippet:-1","max-image-preview":"max-image-preview:large","max-video-preview":"max-video-preview:-1"},"canonical":"https:\/\/www.economypark.de\/en\/economy-park-heidelberg-leimen-at-expo-real-2024\/","og_locale":"de_DE","og_type":"article","og_title":"Economy Park Heidelberg-Leimen at Expo Real 2024 - Economy Park","og_description":"As in the years before, the Zweckverband &#8222;Interkommunales Gewerbe- und Industriegebiet Heidelberg-Leimen&#8220; (Special-Purpose District &#8222;Inter-Municipal Commercial and Industrial Area Heidelberg-Leimen&#8220;), also known as Economy Park Heidelberg-Leimen, was part of this year&#8217;s Real Estate Fair \u201cExpo Real\u201d, taking place in Munich from October 7 to 9. The Economy Park shared a stand of 240 sqm reserved...","og_url":"https:\/\/www.economypark.de\/en\/economy-park-heidelberg-leimen-at-expo-real-2024\/","og_site_name":"Economy Park","article_published_time":"2024-10-22T14:52:55+00:00","article_modified_time":"2024-10-23T08:50:34+00:00","og_image":[{"width":2560,"height":1705,"url":"https:\/\/www.economypark.de\/wp-content\/uploads\/2024\/10\/Homepage-2-scaled.jpg","type":"image\/jpeg"}],"author":"Alena Gluth","twitter_card":"summary_large_image","twitter_misc":{"Verfasst von":"Alena Gluth","Gesch\u00e4tzte Lesezeit":"1\u00a0Minute"},"schema":{"@context":"https:\/\/schema.org","@graph":[{"@type":"Article","@id":"https:\/\/www.economypark.de\/en\/economy-park-heidelberg-leimen-at-expo-real-2024\/#article","isPartOf":{"@id":"https:\/\/www.economypark.de\/en\/economy-park-heidelberg-leimen-at-expo-real-2024\/"},"author":{"name":"Alena Gluth","@id":"https:\/\/www.economypark.de\/#\/schema\/person\/323d46312b16626177e83b7ffb4759d1"},"headline":"Economy Park Heidelberg-Leimen at Expo Real 2024","datePublished":"2024-10-22T14:52:55+00:00","dateModified":"2024-10-23T08:50:34+00:00","mainEntityOfPage":{"@id":"https:\/\/www.economypark.de\/en\/economy-park-heidelberg-leimen-at-expo-real-2024\/"},"wordCount":234,"image":{"@id":"https:\/\/www.economypark.de\/en\/economy-park-heidelberg-leimen-at-expo-real-2024\/#primaryimage"},"thumbnailUrl":"https:\/\/www.economypark.de\/wp-content\/uploads\/2024\/10\/Homepage-2-scaled.jpg","articleSection":["News"],"inLanguage":"de"},{"@type":"WebPage","@id":"https:\/\/www.economypark.de\/en\/economy-park-heidelberg-leimen-at-expo-real-2024\/","url":"https:\/\/www.economypark.de\/en\/economy-park-heidelberg-leimen-at-expo-real-2024\/","name":"Economy Park Heidelberg-Leimen at Expo Real 2024 - Economy Park","isPartOf":{"@id":"https:\/\/www.economypark.de\/#website"},"primaryImageOfPage":{"@id":"https:\/\/www.economypark.de\/en\/economy-park-heidelberg-leimen-at-expo-real-2024\/#primaryimage"},"image":{"@id":"https:\/\/www.economypark.de\/en\/economy-park-heidelberg-leimen-at-expo-real-2024\/#primaryimage"},"thumbnailUrl":"https:\/\/www.economypark.de\/wp-content\/uploads\/2024\/10\/Homepage-2-scaled.jpg","datePublished":"2024-10-22T14:52:55+00:00","dateModified":"2024-10-23T08:50:34+00:00","author":{"@id":"https:\/\/www.economypark.de\/#\/schema\/person\/323d46312b16626177e83b7ffb4759d1"},"breadcrumb":{"@id":"https:\/\/www.economypark.de\/en\/economy-park-heidelberg-leimen-at-expo-real-2024\/#breadcrumb"},"inLanguage":"de","potentialAction":[{"@type":"ReadAction","target":["https:\/\/www.economypark.de\/en\/economy-park-heidelberg-leimen-at-expo-real-2024\/"]}]},{"@type":"ImageObject","inLanguage":"de","@id":"https:\/\/www.economypark.de\/en\/economy-park-heidelberg-leimen-at-expo-real-2024\/#primaryimage","url":"https:\/\/www.economypark.de\/wp-content\/uploads\/2024\/10\/Homepage-2-scaled.jpg","contentUrl":"https:\/\/www.economypark.de\/wp-content\/uploads\/2024\/10\/Homepage-2-scaled.jpg","width":2560,"height":1705,"caption":"V.l. Herr Oberb\u00fcrgermeister Ehret, Verbandsvorsitzender Economy Park Heidelberg -Leimen; Frau Razavi, Ministerin f\u00fcr Landesentwicklung und Wohnen des Landes Baden-W\u00fcrttemberg; Herr Johann, Gesch\u00e4ftsf\u00fchrer Metropolregion Rhein-Neckar GmbH Quelle: Metropolregion Rhein-Neckar"},{"@type":"BreadcrumbList","@id":"https:\/\/www.economypark.de\/en\/economy-park-heidelberg-leimen-at-expo-real-2024\/#breadcrumb","itemListElement":[{"@type":"ListItem","position":1,"name":"Start","item":"https:\/\/www.economypark.de\/"},{"@type":"ListItem","position":2,"name":"Economy Park Heidelberg-Leimen at Expo Real 2024"}]},{"@type":"WebSite","@id":"https:\/\/www.economypark.de\/#website","url":"https:\/\/www.economypark.de\/","name":"Economy Park","description":"Innovative &amp; nachhaltige Gewerbefl\u00e4chen in der Metropolregion Rhein-Neckar.","potentialAction":[{"@type":"SearchAction","target":{"@type":"EntryPoint","urlTemplate":"https:\/\/www.economypark.de\/?s={search_term_string}"},"query-input":{"@type":"PropertyValueSpecification","valueRequired":true,"valueName":"search_term_string"}}],"inLanguage":"de"},{"@type":"Person","@id":"https:\/\/www.economypark.de\/#\/schema\/person\/323d46312b16626177e83b7ffb4759d1","name":"Alena Gluth","sameAs":["http:\/\/www.economypark.de"],"url":"https:\/\/www.economypark.de\/author\/a-kaltenmaier\/"}]}},"_links":{"self":[{"href":"https:\/\/www.economypark.de\/ecopark-api\/wp\/v2\/posts\/1090","targetHints":{"allow":["GET"]}}],"collection":[{"href":"https:\/\/www.economypark.de\/ecopark-api\/wp\/v2\/posts"}],"about":[{"href":"https:\/\/www.economypark.de\/ecopark-api\/wp\/v2\/types\/post"}],"author":[{"embeddable":true,"href":"https:\/\/www.economypark.de\/ecopark-api\/wp\/v2\/users\/4"}],"replies":[{"embeddable":true,"href":"https:\/\/www.economypark.de\/ecopark-api\/wp\/v2\/comments?post=1090"}],"version-history":[{"count":4,"href":"https:\/\/www.economypark.de\/ecopark-api\/wp\/v2\/posts\/1090\/revisions"}],"predecessor-version":[{"id":1094,"href":"https:\/\/www.economypark.de\/ecopark-api\/wp\/v2\/posts\/1090\/revisions\/1094"}],"wp:featuredmedia":[{"embeddable":true,"href":"https:\/\/www.economypark.de\/ecopark-api\/wp\/v2\/media\/1053"}],"wp:attachment":[{"href":"https:\/\/www.economypark.de\/ecopark-api\/wp\/v2\/media?parent=1090"}],"wp:term":[{"taxonomy":"category","embeddable":true,"href":"https:\/\/www.economypark.de\/ecopark-api\/wp\/v2\/categories?post=1090"},{"taxonomy":"post_tag","embeddable":true,"href":"https:\/\/www.economypark.de\/ecopark-api\/wp\/v2\/tags?post=1090"}],"curies":[{"name":"wp","href":"https:\/\/api.w.org\/{rel}","templated":true}]}}