{"id":1048,"date":"2024-10-17T11:48:22","date_gmt":"2024-10-17T09:48:22","guid":{"rendered":"https:\/\/www.economypark.de\/?p=1048"},"modified":"2025-02-12T10:13:26","modified_gmt":"2025-02-12T09:13:26","slug":"economy-park-heidelberg-leimen-auf-der-expo-real-2024-vertreten","status":"publish","type":"post","link":"https:\/\/www.economypark.de\/economy-park-heidelberg-leimen-auf-der-expo-real-2024-vertreten\/","title":{"rendered":"Economy Park Heidelberg-Leimen auf der Expo Real 2024 vertreten"},"content":{"rendered":"<p>Der Zweckverband \u201eInterkommunales Gewerbe- und Industriegebiet Heidelberg-Leimen\u201c (Economy Park Heidelberg-Leimen) nahm in diesem Jahr erneut an der Immobilienmesse \u201eExpo Real\u201c teil, die vom 7. bis 9. Oktober in M\u00fcnchen stattfand. Auf dem 240 Quadratmeter gro\u00dfen Stand der Metropolregion Rhein-Neckar (MRN) pr\u00e4sentierte sich der Economy Park gemeinsam mit der Stadt Heidelberg und 17 weiteren Partnern.<\/p>\n<p>\u201eWir sind \u00fcberzeugt, dass unser Standort mit seinen attraktiven Bedingungen f\u00fcr Unternehmen und Investoren einen wesentlichen Beitrag zur wirtschaftlichen Entwicklung der Region leisten kann.\u201c erkl\u00e4rte der Verbandsvorsitzende, Leimens Oberb\u00fcrgermeister John Ehret.<\/p>\n<p>Bereits im Vorfeld der Messe hatten Unternehmen aus verschiedenen Branchen Termine mit dem Zweckverband vereinbart, um dessen Arbeit besser kennenzulernen und n\u00e4here Informationen \u00fcber den Standort zu erhalten.<\/p>\n<p>Der Zweckverband freute sich \u00fcber das rege Interesse, \u201eEin sehr gutes Zeichen\u201c, so, der Heidelberger Erste B\u00fcrgermeister J\u00fcrgen Odszuck in seiner Funktion als stellvertretender Verbandsvorsitzender, \u201edass der Zweckverband bei der Entwicklung der Industrie- und Gewerbefl\u00e4chen auf einem guten Weg ist\u201c.<\/p>\n<p>Die Expo Real gilt als eine der wichtigsten Fachmessen f\u00fcr Immobilien und Investitionen in Europa und bietet eine Plattform f\u00fcr Fachbesucher, Investoren und Entwickler, um innovative Projekte zu entdecken und wertvolle Kontakte zu kn\u00fcpfen.\u00a0 F\u00fcr den Economy Park Heidelberg &#8211; Leimen war dies eine gute Gelegenheit, das Zweckverbandsgebiet vorzustellen und die Vorz\u00fcge dieses Wirtschaftsstandortes zu pr\u00e4sentieren.<\/p>\n<div class=\"w-gallery fit_cover wp_gallery type_grid action_popup_image ratio_1x1 count_2\" style=\"--columns:2;--items-gap:8px;\"><div class=\"w-gallery-list\"><div class=\"w-gallery-item\"><div class=\"w-gallery-item-img\"><img loading=\"lazy\" decoding=\"async\" width=\"1024\" height=\"931\" src=\"https:\/\/www.economypark.de\/wp-content\/uploads\/2024\/10\/Homepage-1-scaled-e1729497576589-1024x931.jpg\" class=\"attachment-large size-large\" alt=\"Auf dem Bild sind alle Teilnehmer seitens der Stadt Heidelberg und dem Zweckverband zu sehen. Sie stehen halbkreisf\u00f6rmig um einen Stehtisch.\" srcset=\"https:\/\/www.economypark.de\/wp-content\/uploads\/2024\/10\/Homepage-1-scaled-e1729497576589-1024x931.jpg 1024w, https:\/\/www.economypark.de\/wp-content\/uploads\/2024\/10\/Homepage-1-scaled-e1729497576589-300x273.jpg 300w, https:\/\/www.economypark.de\/wp-content\/uploads\/2024\/10\/Homepage-1-scaled-e1729497576589.jpg 1720w\" sizes=\"auto, (max-width: 1024px) 100vw, 1024px\" \/><\/div><a class=\"w-gallery-item-link\" aria-label=\"Quelle: Metropolregion Rhein-Neckar\" href=\"https:\/\/www.economypark.de\/wp-content\/uploads\/2024\/10\/Homepage-1-scaled-e1729497576589.jpg\" title=\"Quelle: Metropolregion Rhein-Neckar\"><\/a><\/div><div class=\"w-gallery-item\"><div class=\"w-gallery-item-img\"><img loading=\"lazy\" decoding=\"async\" width=\"1024\" height=\"680\" src=\"https:\/\/www.economypark.de\/wp-content\/uploads\/2024\/10\/MM3632_1695-scaled-e1729170199758-1024x680.jpg\" class=\"attachment-large size-large\" alt=\"Auf dem Bild sieht man den Messestand der Metropolregion Rhein-Neckar\" srcset=\"https:\/\/www.economypark.de\/wp-content\/uploads\/2024\/10\/MM3632_1695-scaled-e1729170199758-1024x680.jpg 1024w, https:\/\/www.economypark.de\/wp-content\/uploads\/2024\/10\/MM3632_1695-scaled-e1729170199758-300x199.jpg 300w\" sizes=\"auto, (max-width: 1024px) 100vw, 1024px\" \/><\/div><a class=\"w-gallery-item-link\" aria-label=\"Quelle: Metropolregion Rhein-Neckar\" href=\"https:\/\/www.economypark.de\/wp-content\/uploads\/2024\/10\/MM3632_1695-scaled-e1729170199758.jpg\" title=\"Quelle: Metropolregion Rhein-Neckar\"><\/a><\/div><\/div><\/div>\n","protected":false},"excerpt":{"rendered":"<p>Der Zweckverband \u201eInterkommunales Gewerbe- und Industriegebiet Heidelberg-Leimen\u201c (Economy Park Heidelberg-Leimen) nahm in diesem Jahr erneut an der Immobilienmesse \u201eExpo Real\u201c teil, die vom 7. bis 9. Oktober in M\u00fcnchen stattfand. Auf dem 240 Quadratmeter gro\u00dfen Stand der Metropolregion Rhein-Neckar (MRN) pr\u00e4sentierte sich der Economy Park gemeinsam mit der Stadt Heidelberg und 17 weiteren Partnern. \u201eWir&#8230;<\/p>\n","protected":false},"author":4,"featured_media":1053,"comment_status":"closed","ping_status":"closed","sticky":false,"template":"","format":"standard","meta":{"_acf_changed":false,"footnotes":""},"categories":[12],"tags":[],"class_list":["post-1048","post","type-post","status-publish","format-standard","has-post-thumbnail","hentry","category-aktuelles"],"acf":[],"yoast_head":"<!-- This site is optimized with the Yoast SEO plugin v27.4 - https:\/\/yoast.com\/product\/yoast-seo-wordpress\/ -->\n<title>Economy Park Heidelberg-Leimen auf der Expo Real 2024 vertreten - Economy Park<\/title>\n<meta name=\"robots\" content=\"index, follow, max-snippet:-1, max-image-preview:large, max-video-preview:-1\" \/>\n<link rel=\"canonical\" href=\"https:\/\/www.economypark.de\/economy-park-heidelberg-leimen-auf-der-expo-real-2024-vertreten\/\" \/>\n<meta property=\"og:locale\" content=\"de_DE\" \/>\n<meta property=\"og:type\" content=\"article\" \/>\n<meta property=\"og:title\" content=\"Economy Park Heidelberg-Leimen auf der Expo Real 2024 vertreten - Economy Park\" \/>\n<meta property=\"og:description\" content=\"Der Zweckverband \u201eInterkommunales Gewerbe- und Industriegebiet Heidelberg-Leimen\u201c (Economy Park Heidelberg-Leimen) nahm in diesem Jahr erneut an der Immobilienmesse \u201eExpo Real\u201c teil, die vom 7. bis 9. Oktober in M\u00fcnchen stattfand. Auf dem 240 Quadratmeter gro\u00dfen Stand der Metropolregion Rhein-Neckar (MRN) pr\u00e4sentierte sich der Economy Park gemeinsam mit der Stadt Heidelberg und 17 weiteren Partnern. \u201eWir...\" \/>\n<meta property=\"og:url\" content=\"https:\/\/www.economypark.de\/economy-park-heidelberg-leimen-auf-der-expo-real-2024-vertreten\/\" \/>\n<meta property=\"og:site_name\" content=\"Economy Park\" \/>\n<meta property=\"article:published_time\" content=\"2024-10-17T09:48:22+00:00\" \/>\n<meta property=\"article:modified_time\" content=\"2025-02-12T09:13:26+00:00\" \/>\n<meta property=\"og:image\" content=\"https:\/\/www.economypark.de\/wp-content\/uploads\/2024\/10\/Homepage-2-scaled.jpg\" \/>\n\t<meta property=\"og:image:width\" content=\"2560\" \/>\n\t<meta property=\"og:image:height\" content=\"1705\" \/>\n\t<meta property=\"og:image:type\" content=\"image\/jpeg\" \/>\n<meta name=\"author\" content=\"Alena Gluth\" \/>\n<meta name=\"twitter:card\" content=\"summary_large_image\" \/>\n<meta name=\"twitter:label1\" content=\"Verfasst von\" \/>\n\t<meta name=\"twitter:data1\" content=\"Alena Gluth\" \/>\n\t<meta name=\"twitter:label2\" content=\"Gesch\u00e4tzte Lesezeit\" \/>\n\t<meta name=\"twitter:data2\" content=\"1\u00a0Minute\" \/>\n<script type=\"application\/ld+json\" class=\"yoast-schema-graph\">{\"@context\":\"https:\\\/\\\/schema.org\",\"@graph\":[{\"@type\":\"Article\",\"@id\":\"https:\\\/\\\/www.economypark.de\\\/economy-park-heidelberg-leimen-auf-der-expo-real-2024-vertreten\\\/#article\",\"isPartOf\":{\"@id\":\"https:\\\/\\\/www.economypark.de\\\/economy-park-heidelberg-leimen-auf-der-expo-real-2024-vertreten\\\/\"},\"author\":{\"name\":\"Alena Gluth\",\"@id\":\"https:\\\/\\\/www.economypark.de\\\/#\\\/schema\\\/person\\\/323d46312b16626177e83b7ffb4759d1\"},\"headline\":\"Economy Park Heidelberg-Leimen auf der Expo Real 2024 vertreten\",\"datePublished\":\"2024-10-17T09:48:22+00:00\",\"dateModified\":\"2025-02-12T09:13:26+00:00\",\"mainEntityOfPage\":{\"@id\":\"https:\\\/\\\/www.economypark.de\\\/economy-park-heidelberg-leimen-auf-der-expo-real-2024-vertreten\\\/\"},\"wordCount\":236,\"image\":{\"@id\":\"https:\\\/\\\/www.economypark.de\\\/economy-park-heidelberg-leimen-auf-der-expo-real-2024-vertreten\\\/#primaryimage\"},\"thumbnailUrl\":\"https:\\\/\\\/www.economypark.de\\\/wp-content\\\/uploads\\\/2024\\\/10\\\/Homepage-2-scaled.jpg\",\"articleSection\":[\"Aktuelles\"],\"inLanguage\":\"de\"},{\"@type\":\"WebPage\",\"@id\":\"https:\\\/\\\/www.economypark.de\\\/economy-park-heidelberg-leimen-auf-der-expo-real-2024-vertreten\\\/\",\"url\":\"https:\\\/\\\/www.economypark.de\\\/economy-park-heidelberg-leimen-auf-der-expo-real-2024-vertreten\\\/\",\"name\":\"Economy Park Heidelberg-Leimen auf der Expo Real 2024 vertreten - Economy Park\",\"isPartOf\":{\"@id\":\"https:\\\/\\\/www.economypark.de\\\/#website\"},\"primaryImageOfPage\":{\"@id\":\"https:\\\/\\\/www.economypark.de\\\/economy-park-heidelberg-leimen-auf-der-expo-real-2024-vertreten\\\/#primaryimage\"},\"image\":{\"@id\":\"https:\\\/\\\/www.economypark.de\\\/economy-park-heidelberg-leimen-auf-der-expo-real-2024-vertreten\\\/#primaryimage\"},\"thumbnailUrl\":\"https:\\\/\\\/www.economypark.de\\\/wp-content\\\/uploads\\\/2024\\\/10\\\/Homepage-2-scaled.jpg\",\"datePublished\":\"2024-10-17T09:48:22+00:00\",\"dateModified\":\"2025-02-12T09:13:26+00:00\",\"author\":{\"@id\":\"https:\\\/\\\/www.economypark.de\\\/#\\\/schema\\\/person\\\/323d46312b16626177e83b7ffb4759d1\"},\"breadcrumb\":{\"@id\":\"https:\\\/\\\/www.economypark.de\\\/economy-park-heidelberg-leimen-auf-der-expo-real-2024-vertreten\\\/#breadcrumb\"},\"inLanguage\":\"de\",\"potentialAction\":[{\"@type\":\"ReadAction\",\"target\":[\"https:\\\/\\\/www.economypark.de\\\/economy-park-heidelberg-leimen-auf-der-expo-real-2024-vertreten\\\/\"]}]},{\"@type\":\"ImageObject\",\"inLanguage\":\"de\",\"@id\":\"https:\\\/\\\/www.economypark.de\\\/economy-park-heidelberg-leimen-auf-der-expo-real-2024-vertreten\\\/#primaryimage\",\"url\":\"https:\\\/\\\/www.economypark.de\\\/wp-content\\\/uploads\\\/2024\\\/10\\\/Homepage-2-scaled.jpg\",\"contentUrl\":\"https:\\\/\\\/www.economypark.de\\\/wp-content\\\/uploads\\\/2024\\\/10\\\/Homepage-2-scaled.jpg\",\"width\":2560,\"height\":1705,\"caption\":\"V.l. Herr Oberb\u00fcrgermeister Ehret, Verbandsvorsitzender Economy Park Heidelberg -Leimen; Frau Razavi, Ministerin f\u00fcr Landesentwicklung und Wohnen des Landes Baden-W\u00fcrttemberg; Herr Johann, Gesch\u00e4ftsf\u00fchrer Metropolregion Rhein-Neckar GmbH Quelle: Metropolregion Rhein-Neckar\"},{\"@type\":\"BreadcrumbList\",\"@id\":\"https:\\\/\\\/www.economypark.de\\\/economy-park-heidelberg-leimen-auf-der-expo-real-2024-vertreten\\\/#breadcrumb\",\"itemListElement\":[{\"@type\":\"ListItem\",\"position\":1,\"name\":\"Start\",\"item\":\"https:\\\/\\\/www.economypark.de\\\/\"},{\"@type\":\"ListItem\",\"position\":2,\"name\":\"Economy Park Heidelberg-Leimen auf der Expo Real 2024 vertreten\"}]},{\"@type\":\"WebSite\",\"@id\":\"https:\\\/\\\/www.economypark.de\\\/#website\",\"url\":\"https:\\\/\\\/www.economypark.de\\\/\",\"name\":\"Economy Park\",\"description\":\"Innovative &amp; nachhaltige Gewerbefl\u00e4chen in der Metropolregion Rhein-Neckar.\",\"potentialAction\":[{\"@type\":\"SearchAction\",\"target\":{\"@type\":\"EntryPoint\",\"urlTemplate\":\"https:\\\/\\\/www.economypark.de\\\/?s={search_term_string}\"},\"query-input\":{\"@type\":\"PropertyValueSpecification\",\"valueRequired\":true,\"valueName\":\"search_term_string\"}}],\"inLanguage\":\"de\"},{\"@type\":\"Person\",\"@id\":\"https:\\\/\\\/www.economypark.de\\\/#\\\/schema\\\/person\\\/323d46312b16626177e83b7ffb4759d1\",\"name\":\"Alena Gluth\",\"sameAs\":[\"http:\\\/\\\/www.economypark.de\"],\"url\":\"https:\\\/\\\/www.economypark.de\\\/author\\\/a-kaltenmaier\\\/\"}]}<\/script>\n<!-- \/ Yoast SEO plugin. -->","yoast_head_json":{"title":"Economy Park Heidelberg-Leimen auf der Expo Real 2024 vertreten - Economy Park","robots":{"index":"index","follow":"follow","max-snippet":"max-snippet:-1","max-image-preview":"max-image-preview:large","max-video-preview":"max-video-preview:-1"},"canonical":"https:\/\/www.economypark.de\/economy-park-heidelberg-leimen-auf-der-expo-real-2024-vertreten\/","og_locale":"de_DE","og_type":"article","og_title":"Economy Park Heidelberg-Leimen auf der Expo Real 2024 vertreten - Economy Park","og_description":"Der Zweckverband \u201eInterkommunales Gewerbe- und Industriegebiet Heidelberg-Leimen\u201c (Economy Park Heidelberg-Leimen) nahm in diesem Jahr erneut an der Immobilienmesse \u201eExpo Real\u201c teil, die vom 7. bis 9. Oktober in M\u00fcnchen stattfand. Auf dem 240 Quadratmeter gro\u00dfen Stand der Metropolregion Rhein-Neckar (MRN) pr\u00e4sentierte sich der Economy Park gemeinsam mit der Stadt Heidelberg und 17 weiteren Partnern. \u201eWir...","og_url":"https:\/\/www.economypark.de\/economy-park-heidelberg-leimen-auf-der-expo-real-2024-vertreten\/","og_site_name":"Economy Park","article_published_time":"2024-10-17T09:48:22+00:00","article_modified_time":"2025-02-12T09:13:26+00:00","og_image":[{"width":2560,"height":1705,"url":"https:\/\/www.economypark.de\/wp-content\/uploads\/2024\/10\/Homepage-2-scaled.jpg","type":"image\/jpeg"}],"author":"Alena Gluth","twitter_card":"summary_large_image","twitter_misc":{"Verfasst von":"Alena Gluth","Gesch\u00e4tzte Lesezeit":"1\u00a0Minute"},"schema":{"@context":"https:\/\/schema.org","@graph":[{"@type":"Article","@id":"https:\/\/www.economypark.de\/economy-park-heidelberg-leimen-auf-der-expo-real-2024-vertreten\/#article","isPartOf":{"@id":"https:\/\/www.economypark.de\/economy-park-heidelberg-leimen-auf-der-expo-real-2024-vertreten\/"},"author":{"name":"Alena Gluth","@id":"https:\/\/www.economypark.de\/#\/schema\/person\/323d46312b16626177e83b7ffb4759d1"},"headline":"Economy Park Heidelberg-Leimen auf der Expo Real 2024 vertreten","datePublished":"2024-10-17T09:48:22+00:00","dateModified":"2025-02-12T09:13:26+00:00","mainEntityOfPage":{"@id":"https:\/\/www.economypark.de\/economy-park-heidelberg-leimen-auf-der-expo-real-2024-vertreten\/"},"wordCount":236,"image":{"@id":"https:\/\/www.economypark.de\/economy-park-heidelberg-leimen-auf-der-expo-real-2024-vertreten\/#primaryimage"},"thumbnailUrl":"https:\/\/www.economypark.de\/wp-content\/uploads\/2024\/10\/Homepage-2-scaled.jpg","articleSection":["Aktuelles"],"inLanguage":"de"},{"@type":"WebPage","@id":"https:\/\/www.economypark.de\/economy-park-heidelberg-leimen-auf-der-expo-real-2024-vertreten\/","url":"https:\/\/www.economypark.de\/economy-park-heidelberg-leimen-auf-der-expo-real-2024-vertreten\/","name":"Economy Park Heidelberg-Leimen auf der Expo Real 2024 vertreten - Economy Park","isPartOf":{"@id":"https:\/\/www.economypark.de\/#website"},"primaryImageOfPage":{"@id":"https:\/\/www.economypark.de\/economy-park-heidelberg-leimen-auf-der-expo-real-2024-vertreten\/#primaryimage"},"image":{"@id":"https:\/\/www.economypark.de\/economy-park-heidelberg-leimen-auf-der-expo-real-2024-vertreten\/#primaryimage"},"thumbnailUrl":"https:\/\/www.economypark.de\/wp-content\/uploads\/2024\/10\/Homepage-2-scaled.jpg","datePublished":"2024-10-17T09:48:22+00:00","dateModified":"2025-02-12T09:13:26+00:00","author":{"@id":"https:\/\/www.economypark.de\/#\/schema\/person\/323d46312b16626177e83b7ffb4759d1"},"breadcrumb":{"@id":"https:\/\/www.economypark.de\/economy-park-heidelberg-leimen-auf-der-expo-real-2024-vertreten\/#breadcrumb"},"inLanguage":"de","potentialAction":[{"@type":"ReadAction","target":["https:\/\/www.economypark.de\/economy-park-heidelberg-leimen-auf-der-expo-real-2024-vertreten\/"]}]},{"@type":"ImageObject","inLanguage":"de","@id":"https:\/\/www.economypark.de\/economy-park-heidelberg-leimen-auf-der-expo-real-2024-vertreten\/#primaryimage","url":"https:\/\/www.economypark.de\/wp-content\/uploads\/2024\/10\/Homepage-2-scaled.jpg","contentUrl":"https:\/\/www.economypark.de\/wp-content\/uploads\/2024\/10\/Homepage-2-scaled.jpg","width":2560,"height":1705,"caption":"V.l. Herr Oberb\u00fcrgermeister Ehret, Verbandsvorsitzender Economy Park Heidelberg -Leimen; Frau Razavi, Ministerin f\u00fcr Landesentwicklung und Wohnen des Landes Baden-W\u00fcrttemberg; Herr Johann, Gesch\u00e4ftsf\u00fchrer Metropolregion Rhein-Neckar GmbH Quelle: Metropolregion Rhein-Neckar"},{"@type":"BreadcrumbList","@id":"https:\/\/www.economypark.de\/economy-park-heidelberg-leimen-auf-der-expo-real-2024-vertreten\/#breadcrumb","itemListElement":[{"@type":"ListItem","position":1,"name":"Start","item":"https:\/\/www.economypark.de\/"},{"@type":"ListItem","position":2,"name":"Economy Park Heidelberg-Leimen auf der Expo Real 2024 vertreten"}]},{"@type":"WebSite","@id":"https:\/\/www.economypark.de\/#website","url":"https:\/\/www.economypark.de\/","name":"Economy Park","description":"Innovative &amp; nachhaltige Gewerbefl\u00e4chen in der Metropolregion Rhein-Neckar.","potentialAction":[{"@type":"SearchAction","target":{"@type":"EntryPoint","urlTemplate":"https:\/\/www.economypark.de\/?s={search_term_string}"},"query-input":{"@type":"PropertyValueSpecification","valueRequired":true,"valueName":"search_term_string"}}],"inLanguage":"de"},{"@type":"Person","@id":"https:\/\/www.economypark.de\/#\/schema\/person\/323d46312b16626177e83b7ffb4759d1","name":"Alena Gluth","sameAs":["http:\/\/www.economypark.de"],"url":"https:\/\/www.economypark.de\/author\/a-kaltenmaier\/"}]}},"_links":{"self":[{"href":"https:\/\/www.economypark.de\/ecopark-api\/wp\/v2\/posts\/1048","targetHints":{"allow":["GET"]}}],"collection":[{"href":"https:\/\/www.economypark.de\/ecopark-api\/wp\/v2\/posts"}],"about":[{"href":"https:\/\/www.economypark.de\/ecopark-api\/wp\/v2\/types\/post"}],"author":[{"embeddable":true,"href":"https:\/\/www.economypark.de\/ecopark-api\/wp\/v2\/users\/4"}],"replies":[{"embeddable":true,"href":"https:\/\/www.economypark.de\/ecopark-api\/wp\/v2\/comments?post=1048"}],"version-history":[{"count":12,"href":"https:\/\/www.economypark.de\/ecopark-api\/wp\/v2\/posts\/1048\/revisions"}],"predecessor-version":[{"id":1398,"href":"https:\/\/www.economypark.de\/ecopark-api\/wp\/v2\/posts\/1048\/revisions\/1398"}],"wp:featuredmedia":[{"embeddable":true,"href":"https:\/\/www.economypark.de\/ecopark-api\/wp\/v2\/media\/1053"}],"wp:attachment":[{"href":"https:\/\/www.economypark.de\/ecopark-api\/wp\/v2\/media?parent=1048"}],"wp:term":[{"taxonomy":"category","embeddable":true,"href":"https:\/\/www.economypark.de\/ecopark-api\/wp\/v2\/categories?post=1048"},{"taxonomy":"post_tag","embeddable":true,"href":"https:\/\/www.economypark.de\/ecopark-api\/wp\/v2\/tags?post=1048"}],"curies":[{"name":"wp","href":"https:\/\/api.w.org\/{rel}","templated":true}]}}