{"id":1,"date":"2023-05-22T13:32:44","date_gmt":"2023-05-22T11:32:44","guid":{"rendered":"https:\/\/www.economypark.de\/?p=1"},"modified":"2023-11-21T11:49:18","modified_gmt":"2023-11-21T10:49:18","slug":"rahmenplanung-wird-massgeblich-vorangebracht","status":"publish","type":"post","link":"https:\/\/www.economypark.de\/rahmenplanung-wird-massgeblich-vorangebracht\/","title":{"rendered":"Atelierverfahren vom 12. Juli &#8211; 14. Juli 2023 \u2013 Rahmenplanung wird ma\u00dfgeblich vorangebracht"},"content":{"rendered":"\r\n<p><strong>Rahmenplanung beginnt<br \/>Atelierverfahren vom 12. Juli \u2013 14 Juli 2023<\/strong><\/p>\r\n<p>Aufbauend auf dem St\u00e4dtebaulichen Entwicklungskonzept beginnt der Zweckverband mit der detaillierten Rahmenplanung. Innerhalb von drei Tagen werden in einer ersten Phase sechs qualifizierte Planungsb\u00fcros aus dem Bundesgebiet im sogenannten Atelierverfahren ein st\u00e4dtebauliches Konzept f\u00fcr das Zweckverbandsgeiet erarbeiten.<\/p>\r\n<p>Bei dem Atelierverfahren mit integrierter Verkehrsplanung handelt es um ein zweistufiges Verfahren, bei dem Planungsb\u00fcros mit dem Schwerpunkt Gewerbegebietsplanung mit Verkehrsplanern zusammenarbeiten, um in der ersten dreit\u00e4gigen Phase ein st\u00e4dtebauliches Konzept f\u00fcr das Zweckverbandsgebiet zu erarbeiten. Dabei wird das st\u00e4dtebauliche Konzept mit einem Verkehrskonzept hinterlegt. In diesem kooperativen Verfahren gibt es eine R\u00fcckkopplung der Planungsinhalte mit den wichtigsten Stakeholdern wie den Vertreterinnen und Vertretern des Zweckverbandes, den Fach\u00e4mtern der beiden Kommunen sowie externen Beraterinnen und Berater.\u00a0 Ein Kuratorium, bestehend aus externen Fachleuten und Mitgliedern aus der Kommunalpolitik und den beiden Kommunalverwaltungen wird die erarbeiten st\u00e4dtebaulichen Entw\u00fcrfe bewerten und pr\u00e4mieren. Der\/die Gewinner der ersten Phase wird\/werden zur zweiten Phase zugelassen. Hier werden die weiter beauftragten Planungsb\u00fcros ihr Konzept zu einem Rahmenplan f\u00fcr das Zweckverbandsgebiet vertiefen.<\/p>\r\n<p>&nbsp;<\/p>\r\n","protected":false},"excerpt":{"rendered":"<p>Innerhalb von drei Tagen werden sechs qualifizierte Planungsb\u00fcros im sogenannten Atelierverfahren ein st\u00e4dtebauliches Konzept f\u00fcr das Zweckverbandsgeiet erarbeiten.<\/p>\n","protected":false},"author":1,"featured_media":309,"comment_status":"closed","ping_status":"closed","sticky":false,"template":"","format":"standard","meta":{"_acf_changed":false,"footnotes":""},"categories":[12],"tags":[],"class_list":["post-1","post","type-post","status-publish","format-standard","has-post-thumbnail","hentry","category-aktuelles"],"acf":[],"yoast_head":"<!-- This site is optimized with the Yoast SEO plugin v27.4 - https:\/\/yoast.com\/product\/yoast-seo-wordpress\/ -->\n<title>Atelierverfahren vom 12. Juli - 14. Juli 2023 \u2013 Rahmenplanung wird ma\u00dfgeblich vorangebracht - Economy Park<\/title>\n<meta name=\"robots\" content=\"index, follow, max-snippet:-1, max-image-preview:large, max-video-preview:-1\" \/>\n<link rel=\"canonical\" href=\"https:\/\/www.economypark.de\/rahmenplanung-wird-massgeblich-vorangebracht\/\" \/>\n<meta property=\"og:locale\" content=\"de_DE\" \/>\n<meta property=\"og:type\" content=\"article\" \/>\n<meta property=\"og:title\" content=\"Atelierverfahren vom 12. Juli - 14. Juli 2023 \u2013 Rahmenplanung wird ma\u00dfgeblich vorangebracht - Economy Park\" \/>\n<meta property=\"og:description\" content=\"Innerhalb von drei Tagen werden sechs qualifizierte Planungsb\u00fcros im sogenannten Atelierverfahren ein st\u00e4dtebauliches Konzept f\u00fcr das Zweckverbandsgeiet erarbeiten.\" \/>\n<meta property=\"og:url\" content=\"https:\/\/www.economypark.de\/rahmenplanung-wird-massgeblich-vorangebracht\/\" \/>\n<meta property=\"og:site_name\" content=\"Economy Park\" \/>\n<meta property=\"article:published_time\" content=\"2023-05-22T11:32:44+00:00\" \/>\n<meta property=\"article:modified_time\" content=\"2023-11-21T10:49:18+00:00\" \/>\n<meta property=\"og:image\" content=\"https:\/\/www.economypark.de\/wp-content\/uploads\/2023\/07\/20230712-Reinwald2.jpg\" \/>\n\t<meta property=\"og:image:width\" content=\"1920\" \/>\n\t<meta property=\"og:image:height\" content=\"1080\" \/>\n\t<meta property=\"og:image:type\" content=\"image\/jpeg\" \/>\n<meta name=\"author\" content=\"mkleiser\" \/>\n<meta name=\"twitter:card\" content=\"summary_large_image\" \/>\n<meta name=\"twitter:label1\" content=\"Verfasst von\" \/>\n\t<meta name=\"twitter:data1\" content=\"mkleiser\" \/>\n\t<meta name=\"twitter:label2\" content=\"Gesch\u00e4tzte Lesezeit\" \/>\n\t<meta name=\"twitter:data2\" content=\"1\u00a0Minute\" \/>\n<script type=\"application\/ld+json\" class=\"yoast-schema-graph\">{\"@context\":\"https:\\\/\\\/schema.org\",\"@graph\":[{\"@type\":\"Article\",\"@id\":\"https:\\\/\\\/www.economypark.de\\\/rahmenplanung-wird-massgeblich-vorangebracht\\\/#article\",\"isPartOf\":{\"@id\":\"https:\\\/\\\/www.economypark.de\\\/rahmenplanung-wird-massgeblich-vorangebracht\\\/\"},\"author\":{\"name\":\"mkleiser\",\"@id\":\"https:\\\/\\\/www.economypark.de\\\/#\\\/schema\\\/person\\\/162aa6d52e482aa3a4761f86d5be6b9f\"},\"headline\":\"Atelierverfahren vom 12. Juli &#8211; 14. Juli 2023 \u2013 Rahmenplanung wird ma\u00dfgeblich vorangebracht\",\"datePublished\":\"2023-05-22T11:32:44+00:00\",\"dateModified\":\"2023-11-21T10:49:18+00:00\",\"mainEntityOfPage\":{\"@id\":\"https:\\\/\\\/www.economypark.de\\\/rahmenplanung-wird-massgeblich-vorangebracht\\\/\"},\"wordCount\":195,\"image\":{\"@id\":\"https:\\\/\\\/www.economypark.de\\\/rahmenplanung-wird-massgeblich-vorangebracht\\\/#primaryimage\"},\"thumbnailUrl\":\"https:\\\/\\\/www.economypark.de\\\/wp-content\\\/uploads\\\/2023\\\/07\\\/20230712-Reinwald2.jpg\",\"articleSection\":[\"Aktuelles\"],\"inLanguage\":\"de\"},{\"@type\":\"WebPage\",\"@id\":\"https:\\\/\\\/www.economypark.de\\\/rahmenplanung-wird-massgeblich-vorangebracht\\\/\",\"url\":\"https:\\\/\\\/www.economypark.de\\\/rahmenplanung-wird-massgeblich-vorangebracht\\\/\",\"name\":\"Atelierverfahren vom 12. Juli - 14. Juli 2023 \u2013 Rahmenplanung wird ma\u00dfgeblich vorangebracht - Economy Park\",\"isPartOf\":{\"@id\":\"https:\\\/\\\/www.economypark.de\\\/#website\"},\"primaryImageOfPage\":{\"@id\":\"https:\\\/\\\/www.economypark.de\\\/rahmenplanung-wird-massgeblich-vorangebracht\\\/#primaryimage\"},\"image\":{\"@id\":\"https:\\\/\\\/www.economypark.de\\\/rahmenplanung-wird-massgeblich-vorangebracht\\\/#primaryimage\"},\"thumbnailUrl\":\"https:\\\/\\\/www.economypark.de\\\/wp-content\\\/uploads\\\/2023\\\/07\\\/20230712-Reinwald2.jpg\",\"datePublished\":\"2023-05-22T11:32:44+00:00\",\"dateModified\":\"2023-11-21T10:49:18+00:00\",\"author\":{\"@id\":\"https:\\\/\\\/www.economypark.de\\\/#\\\/schema\\\/person\\\/162aa6d52e482aa3a4761f86d5be6b9f\"},\"breadcrumb\":{\"@id\":\"https:\\\/\\\/www.economypark.de\\\/rahmenplanung-wird-massgeblich-vorangebracht\\\/#breadcrumb\"},\"inLanguage\":\"de\",\"potentialAction\":[{\"@type\":\"ReadAction\",\"target\":[\"https:\\\/\\\/www.economypark.de\\\/rahmenplanung-wird-massgeblich-vorangebracht\\\/\"]}]},{\"@type\":\"ImageObject\",\"inLanguage\":\"de\",\"@id\":\"https:\\\/\\\/www.economypark.de\\\/rahmenplanung-wird-massgeblich-vorangebracht\\\/#primaryimage\",\"url\":\"https:\\\/\\\/www.economypark.de\\\/wp-content\\\/uploads\\\/2023\\\/07\\\/20230712-Reinwald2.jpg\",\"contentUrl\":\"https:\\\/\\\/www.economypark.de\\\/wp-content\\\/uploads\\\/2023\\\/07\\\/20230712-Reinwald2.jpg\",\"width\":1920,\"height\":1080},{\"@type\":\"BreadcrumbList\",\"@id\":\"https:\\\/\\\/www.economypark.de\\\/rahmenplanung-wird-massgeblich-vorangebracht\\\/#breadcrumb\",\"itemListElement\":[{\"@type\":\"ListItem\",\"position\":1,\"name\":\"Start\",\"item\":\"https:\\\/\\\/www.economypark.de\\\/\"},{\"@type\":\"ListItem\",\"position\":2,\"name\":\"Atelierverfahren vom 12. Juli &#8211; 14. Juli 2023 \u2013 Rahmenplanung wird ma\u00dfgeblich vorangebracht\"}]},{\"@type\":\"WebSite\",\"@id\":\"https:\\\/\\\/www.economypark.de\\\/#website\",\"url\":\"https:\\\/\\\/www.economypark.de\\\/\",\"name\":\"Economy Park\",\"description\":\"Innovative &amp; nachhaltige Gewerbefl\u00e4chen in der Metropolregion Rhein-Neckar.\",\"potentialAction\":[{\"@type\":\"SearchAction\",\"target\":{\"@type\":\"EntryPoint\",\"urlTemplate\":\"https:\\\/\\\/www.economypark.de\\\/?s={search_term_string}\"},\"query-input\":{\"@type\":\"PropertyValueSpecification\",\"valueRequired\":true,\"valueName\":\"search_term_string\"}}],\"inLanguage\":\"de\"},{\"@type\":\"Person\",\"@id\":\"https:\\\/\\\/www.economypark.de\\\/#\\\/schema\\\/person\\\/162aa6d52e482aa3a4761f86d5be6b9f\",\"name\":\"mkleiser\",\"sameAs\":[\"https:\\\/\\\/www.economypark.de\"],\"url\":\"https:\\\/\\\/www.economypark.de\\\/author\\\/mkleiser\\\/\"}]}<\/script>\n<!-- \/ Yoast SEO plugin. -->","yoast_head_json":{"title":"Atelierverfahren vom 12. Juli - 14. Juli 2023 \u2013 Rahmenplanung wird ma\u00dfgeblich vorangebracht - Economy Park","robots":{"index":"index","follow":"follow","max-snippet":"max-snippet:-1","max-image-preview":"max-image-preview:large","max-video-preview":"max-video-preview:-1"},"canonical":"https:\/\/www.economypark.de\/rahmenplanung-wird-massgeblich-vorangebracht\/","og_locale":"de_DE","og_type":"article","og_title":"Atelierverfahren vom 12. Juli - 14. Juli 2023 \u2013 Rahmenplanung wird ma\u00dfgeblich vorangebracht - Economy Park","og_description":"Innerhalb von drei Tagen werden sechs qualifizierte Planungsb\u00fcros im sogenannten Atelierverfahren ein st\u00e4dtebauliches Konzept f\u00fcr das Zweckverbandsgeiet erarbeiten.","og_url":"https:\/\/www.economypark.de\/rahmenplanung-wird-massgeblich-vorangebracht\/","og_site_name":"Economy Park","article_published_time":"2023-05-22T11:32:44+00:00","article_modified_time":"2023-11-21T10:49:18+00:00","og_image":[{"width":1920,"height":1080,"url":"https:\/\/www.economypark.de\/wp-content\/uploads\/2023\/07\/20230712-Reinwald2.jpg","type":"image\/jpeg"}],"author":"mkleiser","twitter_card":"summary_large_image","twitter_misc":{"Verfasst von":"mkleiser","Gesch\u00e4tzte Lesezeit":"1\u00a0Minute"},"schema":{"@context":"https:\/\/schema.org","@graph":[{"@type":"Article","@id":"https:\/\/www.economypark.de\/rahmenplanung-wird-massgeblich-vorangebracht\/#article","isPartOf":{"@id":"https:\/\/www.economypark.de\/rahmenplanung-wird-massgeblich-vorangebracht\/"},"author":{"name":"mkleiser","@id":"https:\/\/www.economypark.de\/#\/schema\/person\/162aa6d52e482aa3a4761f86d5be6b9f"},"headline":"Atelierverfahren vom 12. Juli &#8211; 14. Juli 2023 \u2013 Rahmenplanung wird ma\u00dfgeblich vorangebracht","datePublished":"2023-05-22T11:32:44+00:00","dateModified":"2023-11-21T10:49:18+00:00","mainEntityOfPage":{"@id":"https:\/\/www.economypark.de\/rahmenplanung-wird-massgeblich-vorangebracht\/"},"wordCount":195,"image":{"@id":"https:\/\/www.economypark.de\/rahmenplanung-wird-massgeblich-vorangebracht\/#primaryimage"},"thumbnailUrl":"https:\/\/www.economypark.de\/wp-content\/uploads\/2023\/07\/20230712-Reinwald2.jpg","articleSection":["Aktuelles"],"inLanguage":"de"},{"@type":"WebPage","@id":"https:\/\/www.economypark.de\/rahmenplanung-wird-massgeblich-vorangebracht\/","url":"https:\/\/www.economypark.de\/rahmenplanung-wird-massgeblich-vorangebracht\/","name":"Atelierverfahren vom 12. Juli - 14. Juli 2023 \u2013 Rahmenplanung wird ma\u00dfgeblich vorangebracht - Economy Park","isPartOf":{"@id":"https:\/\/www.economypark.de\/#website"},"primaryImageOfPage":{"@id":"https:\/\/www.economypark.de\/rahmenplanung-wird-massgeblich-vorangebracht\/#primaryimage"},"image":{"@id":"https:\/\/www.economypark.de\/rahmenplanung-wird-massgeblich-vorangebracht\/#primaryimage"},"thumbnailUrl":"https:\/\/www.economypark.de\/wp-content\/uploads\/2023\/07\/20230712-Reinwald2.jpg","datePublished":"2023-05-22T11:32:44+00:00","dateModified":"2023-11-21T10:49:18+00:00","author":{"@id":"https:\/\/www.economypark.de\/#\/schema\/person\/162aa6d52e482aa3a4761f86d5be6b9f"},"breadcrumb":{"@id":"https:\/\/www.economypark.de\/rahmenplanung-wird-massgeblich-vorangebracht\/#breadcrumb"},"inLanguage":"de","potentialAction":[{"@type":"ReadAction","target":["https:\/\/www.economypark.de\/rahmenplanung-wird-massgeblich-vorangebracht\/"]}]},{"@type":"ImageObject","inLanguage":"de","@id":"https:\/\/www.economypark.de\/rahmenplanung-wird-massgeblich-vorangebracht\/#primaryimage","url":"https:\/\/www.economypark.de\/wp-content\/uploads\/2023\/07\/20230712-Reinwald2.jpg","contentUrl":"https:\/\/www.economypark.de\/wp-content\/uploads\/2023\/07\/20230712-Reinwald2.jpg","width":1920,"height":1080},{"@type":"BreadcrumbList","@id":"https:\/\/www.economypark.de\/rahmenplanung-wird-massgeblich-vorangebracht\/#breadcrumb","itemListElement":[{"@type":"ListItem","position":1,"name":"Start","item":"https:\/\/www.economypark.de\/"},{"@type":"ListItem","position":2,"name":"Atelierverfahren vom 12. Juli &#8211; 14. Juli 2023 \u2013 Rahmenplanung wird ma\u00dfgeblich vorangebracht"}]},{"@type":"WebSite","@id":"https:\/\/www.economypark.de\/#website","url":"https:\/\/www.economypark.de\/","name":"Economy Park","description":"Innovative &amp; nachhaltige Gewerbefl\u00e4chen in der Metropolregion Rhein-Neckar.","potentialAction":[{"@type":"SearchAction","target":{"@type":"EntryPoint","urlTemplate":"https:\/\/www.economypark.de\/?s={search_term_string}"},"query-input":{"@type":"PropertyValueSpecification","valueRequired":true,"valueName":"search_term_string"}}],"inLanguage":"de"},{"@type":"Person","@id":"https:\/\/www.economypark.de\/#\/schema\/person\/162aa6d52e482aa3a4761f86d5be6b9f","name":"mkleiser","sameAs":["https:\/\/www.economypark.de"],"url":"https:\/\/www.economypark.de\/author\/mkleiser\/"}]}},"_links":{"self":[{"href":"https:\/\/www.economypark.de\/ecopark-api\/wp\/v2\/posts\/1","targetHints":{"allow":["GET"]}}],"collection":[{"href":"https:\/\/www.economypark.de\/ecopark-api\/wp\/v2\/posts"}],"about":[{"href":"https:\/\/www.economypark.de\/ecopark-api\/wp\/v2\/types\/post"}],"author":[{"embeddable":true,"href":"https:\/\/www.economypark.de\/ecopark-api\/wp\/v2\/users\/1"}],"replies":[{"embeddable":true,"href":"https:\/\/www.economypark.de\/ecopark-api\/wp\/v2\/comments?post=1"}],"version-history":[{"count":8,"href":"https:\/\/www.economypark.de\/ecopark-api\/wp\/v2\/posts\/1\/revisions"}],"predecessor-version":[{"id":720,"href":"https:\/\/www.economypark.de\/ecopark-api\/wp\/v2\/posts\/1\/revisions\/720"}],"wp:featuredmedia":[{"embeddable":true,"href":"https:\/\/www.economypark.de\/ecopark-api\/wp\/v2\/media\/309"}],"wp:attachment":[{"href":"https:\/\/www.economypark.de\/ecopark-api\/wp\/v2\/media?parent=1"}],"wp:term":[{"taxonomy":"category","embeddable":true,"href":"https:\/\/www.economypark.de\/ecopark-api\/wp\/v2\/categories?post=1"},{"taxonomy":"post_tag","embeddable":true,"href":"https:\/\/www.economypark.de\/ecopark-api\/wp\/v2\/tags?post=1"}],"curies":[{"name":"wp","href":"https:\/\/api.w.org\/{rel}","templated":true}]}}